{"id":5245,"date":"2025-10-03T11:30:00","date_gmt":"2025-10-03T14:30:00","guid":{"rendered":"https:\/\/diariodepernambuco.audiencelabs.com.br\/?p=5245"},"modified":"2025-10-02T10:01:51","modified_gmt":"2025-10-02T13:01:51","slug":"revelado-o-motivo-dos-brasileiros-estarem-desmotivados-nas-empresas","status":"publish","type":"post","link":"https:\/\/diariodepernambuco.audiencelabs.com.br\/revelado-o-motivo-dos-brasileiros-estarem-desmotivados-nas-empresas\/","title":{"rendered":"Revelado o motivo dos brasileiros estarem desmotivados nas empresas"},"content":{"rendered":"\n<p>A motiva\u00e7\u00e3o no trabalho \u00e9 um fator determinante para o desempenho e bem-estar dos colaboradores, mas muitos brasileiros t\u00eam relatado queda no engajamento dentro das empresas. Pesquisas recentes apontam que diversos fatores \u2014 desde gest\u00e3o ineficiente e falta de reconhecimento at\u00e9 excesso de tarefas e baixa valoriza\u00e7\u00e3o profissional \u2014 est\u00e3o impactando a satisfa\u00e7\u00e3o dos trabalhadores.<\/p>\n\n\n\n<p>Uma pesquisa in\u00e9dita conduzida pela Serasa, em parceria com a Opinion Box e a plataforma de bem-estar Fully Ecosystem, mostrou que as finan\u00e7as pessoais tamb\u00e9m influenciam diretamente a motiva\u00e7\u00e3o e a produtividade dos trabalhadores brasileiros.<\/p>\n\n\n\n<p>De acordo com o estudo, 30% dos profissionais afirmam sentir desmotiva\u00e7\u00e3o no trabalho devido a quest\u00f5es financeiras, enquanto 50% revelam que suas atividades s\u00e3o motivadas principalmente pela necessidade de quitar contas. Para grande parte dos entrevistados, o emprego deixou de ser um espa\u00e7o de realiza\u00e7\u00e3o pessoal, tornando-se, sobretudo, um meio de lidar com d\u00edvidas ou aliviar press\u00f5es e emo\u00e7\u00f5es negativas.<\/p>\n\n\n\n<p>O levantamento tamb\u00e9m revelou que a preocupa\u00e7\u00e3o com finan\u00e7as pessoais afeta n\u00e3o apenas o engajamento, mas tamb\u00e9m a sa\u00fade mental e o equil\u00edbrio emocional dos trabalhadores. Muitos relatam sentir ansiedade, estresse e cansa\u00e7o, o que reflete diretamente na produtividade e na qualidade do trabalho.<\/p>\n\n\n\n<p>Especialistas afirmam que empresas que investem em programas de educa\u00e7\u00e3o financeira, suporte psicol\u00f3gico e pol\u00edticas de valoriza\u00e7\u00e3o dos colaboradores conseguem reduzir esses impactos, aumentando a motiva\u00e7\u00e3o e criando um ambiente de trabalho mais saud\u00e1vel e produtivo.<\/p>\n\n\n\n<h2 class=\"wp-block-heading\">Pr\u00e1ticas de bem-estar para combater a desmotiva\u00e7\u00e3o<\/h2>\n\n\n\n<ol class=\"wp-block-list\">\n<li>Programas de educa\u00e7\u00e3o financeira<\/li>\n<\/ol>\n\n\n\n<ul class=\"wp-block-list\">\n<li>Oferecer workshops, cursos e consultorias para ajudar os funcion\u00e1rios a administrar melhor suas finan\u00e7as pessoais.<\/li>\n\n\n\n<li>Ensinar sobre or\u00e7amento, investimentos, controle de d\u00edvidas e planejamento de longo prazo.<\/li>\n<\/ul>\n\n\n\n<ol start=\"2\" class=\"wp-block-list\">\n<li>Apoio \u00e0 sa\u00fade mental<\/li>\n<\/ol>\n\n\n\n<ul class=\"wp-block-list\">\n<li>Disponibilizar psic\u00f3logos, terapias online ou programas de suporte emocional.<\/li>\n\n\n\n<li>Criar ambientes de escuta e acolhimento, nos quais os colaboradores se sintam \u00e0 vontade para falar sobre estresse e press\u00f5es do trabalho.<\/li>\n<\/ul>\n\n\n\n<ol start=\"3\" class=\"wp-block-list\">\n<li>Reconhecimento e valoriza\u00e7\u00e3o<\/li>\n<\/ol>\n\n\n\n<ul class=\"wp-block-list\">\n<li>Implementar sistemas de recompensas, b\u00f4nus e feedbacks positivos.<\/li>\n\n\n\n<li>Reconhecer publicamente conquistas, esfor\u00e7os e dedica\u00e7\u00e3o, refor\u00e7ando a motiva\u00e7\u00e3o intr\u00ednseca.<\/li>\n<\/ul>\n\n\n\n<ol start=\"4\" class=\"wp-block-list\">\n<li>Flexibilidade e equil\u00edbrio entre vida pessoal e profissional<\/li>\n<\/ol>\n\n\n\n<ul class=\"wp-block-list\">\n<li>Adotar hor\u00e1rios flex\u00edveis, home office e pausas estrat\u00e9gicas.<\/li>\n\n\n\n<li>Incentivar o equil\u00edbrio entre trabalho e vida pessoal, reduzindo o risco de burnout.<\/li>\n<\/ul>\n\n\n\n<ol start=\"5\" class=\"wp-block-list\">\n<li>Promo\u00e7\u00e3o de atividades f\u00edsicas e lazer<\/li>\n<\/ol>\n\n\n\n<ul class=\"wp-block-list\">\n<li>Disponibilizar academias, conv\u00eanios esportivos ou programas de bem-estar f\u00edsico.<\/li>\n\n\n\n<li>Incentivar momentos de descontra\u00e7\u00e3o, como eventos, desafios ou atividades coletivas, para melhorar o clima organizacional.<\/li>\n<\/ul>\n\n\n\n<ol start=\"6\" class=\"wp-block-list\">\n<li>Desenvolvimento pessoal e profissional<\/li>\n<\/ol>\n\n\n\n<ul class=\"wp-block-list\">\n<li>Oferecer treinamentos, mentorias e planos de carreira, mostrando aos colaboradores que h\u00e1 perspectivas de crescimento.<\/li>\n\n\n\n<li>Valorizar o aprendizado cont\u00ednuo como forma de engajamento e realiza\u00e7\u00e3o profissional.<\/li>\n<\/ul>\n\n\n\n<p><\/p>\n","protected":false},"excerpt":{"rendered":"<p>A motiva\u00e7\u00e3o no trabalho \u00e9 um fator determinante para o desempenho e bem-estar dos colaboradores, mas muitos brasileiros t\u00eam relatado queda no engajamento dentro das empresas. Pesquisas recentes apontam que diversos fatores \u2014 desde gest\u00e3o ineficiente e falta de reconhecimento at\u00e9 excesso de tarefas e baixa valoriza\u00e7\u00e3o profissional \u2014 est\u00e3o impactando a satisfa\u00e7\u00e3o dos trabalhadores. [&hellip;]<\/p>\n","protected":false},"author":4,"featured_media":5250,"comment_status":"open","ping_status":"open","sticky":false,"template":"","format":"standard","meta":{"jnews-multi-image_gallery":[],"jnews_single_post":{"format":"standard"},"jnews_primary_category":[],"jnews_social_meta":[],"jnews_post_split":[],"footnotes":""},"categories":[1],"tags":[],"class_list":["post-5245","post","type-post","status-publish","format-standard","has-post-thumbnail","hentry","category-uncategorized"],"_links":{"self":[{"href":"https:\/\/diariodepernambuco.audiencelabs.com.br\/wp-json\/wp\/v2\/posts\/5245","targetHints":{"allow":["GET"]}}],"collection":[{"href":"https:\/\/diariodepernambuco.audiencelabs.com.br\/wp-json\/wp\/v2\/posts"}],"about":[{"href":"https:\/\/diariodepernambuco.audiencelabs.com.br\/wp-json\/wp\/v2\/types\/post"}],"author":[{"embeddable":true,"href":"https:\/\/diariodepernambuco.audiencelabs.com.br\/wp-json\/wp\/v2\/users\/4"}],"replies":[{"embeddable":true,"href":"https:\/\/diariodepernambuco.audiencelabs.com.br\/wp-json\/wp\/v2\/comments?post=5245"}],"version-history":[{"count":2,"href":"https:\/\/diariodepernambuco.audiencelabs.com.br\/wp-json\/wp\/v2\/posts\/5245\/revisions"}],"predecessor-version":[{"id":5253,"href":"https:\/\/diariodepernambuco.audiencelabs.com.br\/wp-json\/wp\/v2\/posts\/5245\/revisions\/5253"}],"wp:featuredmedia":[{"embeddable":true,"href":"https:\/\/diariodepernambuco.audiencelabs.com.br\/wp-json\/wp\/v2\/media\/5250"}],"wp:attachment":[{"href":"https:\/\/diariodepernambuco.audiencelabs.com.br\/wp-json\/wp\/v2\/media?parent=5245"}],"wp:term":[{"taxonomy":"category","embeddable":true,"href":"https:\/\/diariodepernambuco.audiencelabs.com.br\/wp-json\/wp\/v2\/categories?post=5245"},{"taxonomy":"post_tag","embeddable":true,"href":"https:\/\/diariodepernambuco.audiencelabs.com.br\/wp-json\/wp\/v2\/tags?post=5245"}],"curies":[{"name":"wp","href":"https:\/\/api.w.org\/{rel}","templated":true}]}}