{"id":5258,"date":"2025-10-03T12:30:00","date_gmt":"2025-10-03T15:30:00","guid":{"rendered":"https:\/\/diariodepernambuco.audiencelabs.com.br\/?p=5258"},"modified":"2025-10-02T10:33:52","modified_gmt":"2025-10-02T13:33:52","slug":"encerramento-imediato-da-netflix-foi-solicitado","status":"publish","type":"post","link":"https:\/\/diariodepernambuco.audiencelabs.com.br\/encerramento-imediato-da-netflix-foi-solicitado\/","title":{"rendered":"Encerramento imediato da Netflix foi solicitado"},"content":{"rendered":"\n<p>Voc\u00ea provavelmente j\u00e1 se deparou com algum grupo defendendo o boicote \u00e0 Netflix. Assim como outras emissoras e est\u00fadios, o streaming j\u00e1 enfrentou esse tipo de protesto diversas vezes, por motivos variados. Um dos pedidos mais recentes ganhou destaque ao receber o apoio do bilion\u00e1rio Elon Musk, que contou com o endosso de figuras como o deputado federal Nikolas Ferreira (PL-MG).<\/p>\n\n\n\n<p>O dono da Tesla compartilhou no X (antigo Twitter) que havia cancelado sua assinatura da Netflix, dando in\u00edcio a uma campanha \u201canti-Netflix\u201d. Segundo Musk, um dos motivos \u00e9 a s\u00e9rie animada Guardi\u00f5es da Mans\u00e3o do Terror, que tem como protagonista um adolescente transg\u00eanero. Lan\u00e7ada em 2022, a s\u00e9rie foi cancelada ap\u00f3s a segunda temporada, tamb\u00e9m lan\u00e7ada no mesmo ano.<\/p>\n\n\n\n<p>J\u00e1 conhecido por se posicionar contra direitos de pessoas trans, Musk afirmou que a anima\u00e7\u00e3o e a Netflix estariam tentando \u201cconverter\u201d crian\u00e7as para a ideologia \u201cwoke\u201d. Conforme informou a Revista Oeste, nesta quarta-feira (1\u00ba), as a\u00e7\u00f5es da empresa registraram queda de 2%.<\/p>\n\n\n\n<p>Mas esse n\u00e3o \u00e9 o \u00fanico motivo \u2014 afinal, a s\u00e9rie foi lan\u00e7ada h\u00e1 tr\u00eas anos, ent\u00e3o por que o boicote surge somente agora? Outro ponto envolve o criador da produ\u00e7\u00e3o, Hamish Steele, que teria publicado nas redes sociais uma cr\u00edtica ao primeiro-ministro brit\u00e2nico, reagindo a um tweet em que ele lamentava o assassinato do ativista de extrema direita Charlie Kirk, a quem Steele chamou de \u201cnazista\u201d.<\/p>\n\n\n\n<p>Steele se manifestou nas redes sociais, afirmando que seu perfil no Instagram est\u00e1 \u201cinundado\u201d de coment\u00e1rios com a frase \u201cEu sou Charlie Kirk\u201d, e que muitas pessoas alegam que ele teria comemorado a morte do ativista, o que ele nega veementemente.<\/p>\n","protected":false},"excerpt":{"rendered":"<p>Voc\u00ea provavelmente j\u00e1 se deparou com algum grupo defendendo o boicote \u00e0 Netflix. Assim como outras emissoras e est\u00fadios, o streaming j\u00e1 enfrentou esse tipo de protesto diversas vezes, por motivos variados. Um dos pedidos mais recentes ganhou destaque ao receber o apoio do bilion\u00e1rio Elon Musk, que contou com o endosso de figuras como [&hellip;]<\/p>\n","protected":false},"author":4,"featured_media":5260,"comment_status":"open","ping_status":"open","sticky":false,"template":"","format":"standard","meta":{"jnews-multi-image_gallery":[],"jnews_single_post":[],"jnews_primary_category":[],"jnews_social_meta":[],"jnews_post_split":[],"footnotes":""},"categories":[1],"tags":[],"class_list":["post-5258","post","type-post","status-publish","format-standard","has-post-thumbnail","hentry","category-uncategorized"],"_links":{"self":[{"href":"https:\/\/diariodepernambuco.audiencelabs.com.br\/wp-json\/wp\/v2\/posts\/5258","targetHints":{"allow":["GET"]}}],"collection":[{"href":"https:\/\/diariodepernambuco.audiencelabs.com.br\/wp-json\/wp\/v2\/posts"}],"about":[{"href":"https:\/\/diariodepernambuco.audiencelabs.com.br\/wp-json\/wp\/v2\/types\/post"}],"author":[{"embeddable":true,"href":"https:\/\/diariodepernambuco.audiencelabs.com.br\/wp-json\/wp\/v2\/users\/4"}],"replies":[{"embeddable":true,"href":"https:\/\/diariodepernambuco.audiencelabs.com.br\/wp-json\/wp\/v2\/comments?post=5258"}],"version-history":[{"count":2,"href":"https:\/\/diariodepernambuco.audiencelabs.com.br\/wp-json\/wp\/v2\/posts\/5258\/revisions"}],"predecessor-version":[{"id":5261,"href":"https:\/\/diariodepernambuco.audiencelabs.com.br\/wp-json\/wp\/v2\/posts\/5258\/revisions\/5261"}],"wp:featuredmedia":[{"embeddable":true,"href":"https:\/\/diariodepernambuco.audiencelabs.com.br\/wp-json\/wp\/v2\/media\/5260"}],"wp:attachment":[{"href":"https:\/\/diariodepernambuco.audiencelabs.com.br\/wp-json\/wp\/v2\/media?parent=5258"}],"wp:term":[{"taxonomy":"category","embeddable":true,"href":"https:\/\/diariodepernambuco.audiencelabs.com.br\/wp-json\/wp\/v2\/categories?post=5258"},{"taxonomy":"post_tag","embeddable":true,"href":"https:\/\/diariodepernambuco.audiencelabs.com.br\/wp-json\/wp\/v2\/tags?post=5258"}],"curies":[{"name":"wp","href":"https:\/\/api.w.org\/{rel}","templated":true}]}}