{"id":5269,"date":"2025-10-03T14:00:00","date_gmt":"2025-10-03T17:00:00","guid":{"rendered":"https:\/\/diariodepernambuco.audiencelabs.com.br\/?p=5269"},"modified":"2025-10-02T10:49:21","modified_gmt":"2025-10-02T13:49:21","slug":"agora-e-de-verdade-quanto-sera-o-salario-minimo-em-2026","status":"publish","type":"post","link":"https:\/\/diariodepernambuco.audiencelabs.com.br\/agora-e-de-verdade-quanto-sera-o-salario-minimo-em-2026\/","title":{"rendered":"Agora \u00e9 de verdade: quanto ser\u00e1 o sal\u00e1rio m\u00ednimo em 2026?"},"content":{"rendered":"\n<p>O sal\u00e1rio m\u00ednimo \u00e9 um dos indicadores mais importantes da economia e impacta diretamente a vida de milh\u00f5es de trabalhadores brasileiros. Com a aproxima\u00e7\u00e3o de 2026, cresce a expectativa sobre qual ser\u00e1 o valor oficial e como ele influenciar\u00e1 o poder de compra, os benef\u00edcios previdenci\u00e1rios e a remunera\u00e7\u00e3o de trabalhadores formais e informais.<\/p>\n\n\n\n<p>Segundo o governo, o sal\u00e1rio m\u00ednimo para 2026 foi definido em R$ 1.550, representando um aumento em rela\u00e7\u00e3o ao valor atual e buscando acompanhar a infla\u00e7\u00e3o acumulada nos \u00faltimos anos. Esse reajuste afeta n\u00e3o apenas os trabalhadores que recebem o m\u00ednimo, mas tamb\u00e9m uma s\u00e9rie de benef\u00edcios vinculados, como aposentadorias, pens\u00f5es e seguro-desemprego.<\/p>\n\n\n\n<p>Especialistas apontam que, apesar do aumento, o novo sal\u00e1rio m\u00ednimo ainda pode ter impacto limitado no poder de compra, devido \u00e0 alta dos pre\u00e7os de produtos e servi\u00e7os essenciais. Por isso, muitas fam\u00edlias ainda precisar\u00e3o planejar cuidadosamente o or\u00e7amento para lidar com custos de alimenta\u00e7\u00e3o, transporte e moradia.<\/p>\n\n\n\n<p>Al\u00e9m disso, o reajuste serve como refer\u00eancia para sal\u00e1rios iniciais de categorias profissionais, contratos e benef\u00edcios, tornando o valor do m\u00ednimo um ponto de refer\u00eancia crucial para a economia e para a pol\u00edtica salarial do pa\u00eds.<\/p>\n\n\n\n<h2 class=\"wp-block-heading\">Evolu\u00e7\u00e3o do sal\u00e1rio m\u00ednimo no Brasil nos \u00faltimos anos<\/h2>\n\n\n\n<ul class=\"wp-block-list\">\n<li>2021 &#8211; R$ 1.100 &#8211; Reajuste de 5,26% sobre 2020, tentando acompanhar a infla\u00e7\u00e3o.<\/li>\n\n\n\n<li>2022 &#8211; R$ 1.212 &#8211; Aumento de 10,18%, considerando infla\u00e7\u00e3o e crescimento do PIB de 2021.<\/li>\n\n\n\n<li>2023 &#8211; R$ 1.302 &#8211; Reajuste de 7,4%, ainda abaixo da infla\u00e7\u00e3o acumulada de alimentos e servi\u00e7os.<\/li>\n\n\n\n<li>2024 &#8211; R$ 1.320 &#8211; Corre\u00e7\u00e3o moderada, com foco em estabilidade econ\u00f4mica.<\/li>\n\n\n\n<li>2025 &#8211; R$ 1.415 &#8211; Aumento real de 7%, buscando recuperar parte do poder de compra perdido.<\/li>\n\n\n\n<li>2026 &#8211; R$ 1.550 &#8211; Valor projetado pelo governo, impactando benef\u00edcios e sal\u00e1rios vinculados.<\/li>\n<\/ul>\n","protected":false},"excerpt":{"rendered":"<p>O sal\u00e1rio m\u00ednimo \u00e9 um dos indicadores mais importantes da economia e impacta diretamente a vida de milh\u00f5es de trabalhadores brasileiros. Com a aproxima\u00e7\u00e3o de 2026, cresce a expectativa sobre qual ser\u00e1 o valor oficial e como ele influenciar\u00e1 o poder de compra, os benef\u00edcios previdenci\u00e1rios e a remunera\u00e7\u00e3o de trabalhadores formais e informais. Segundo [&hellip;]<\/p>\n","protected":false},"author":4,"featured_media":2129,"comment_status":"open","ping_status":"open","sticky":false,"template":"","format":"standard","meta":{"jnews-multi-image_gallery":[],"jnews_single_post":{"format":"standard"},"jnews_primary_category":[],"jnews_social_meta":[],"jnews_post_split":[],"footnotes":""},"categories":[1],"tags":[],"class_list":["post-5269","post","type-post","status-publish","format-standard","has-post-thumbnail","hentry","category-uncategorized"],"_links":{"self":[{"href":"https:\/\/diariodepernambuco.audiencelabs.com.br\/wp-json\/wp\/v2\/posts\/5269","targetHints":{"allow":["GET"]}}],"collection":[{"href":"https:\/\/diariodepernambuco.audiencelabs.com.br\/wp-json\/wp\/v2\/posts"}],"about":[{"href":"https:\/\/diariodepernambuco.audiencelabs.com.br\/wp-json\/wp\/v2\/types\/post"}],"author":[{"embeddable":true,"href":"https:\/\/diariodepernambuco.audiencelabs.com.br\/wp-json\/wp\/v2\/users\/4"}],"replies":[{"embeddable":true,"href":"https:\/\/diariodepernambuco.audiencelabs.com.br\/wp-json\/wp\/v2\/comments?post=5269"}],"version-history":[{"count":2,"href":"https:\/\/diariodepernambuco.audiencelabs.com.br\/wp-json\/wp\/v2\/posts\/5269\/revisions"}],"predecessor-version":[{"id":5272,"href":"https:\/\/diariodepernambuco.audiencelabs.com.br\/wp-json\/wp\/v2\/posts\/5269\/revisions\/5272"}],"wp:featuredmedia":[{"embeddable":true,"href":"https:\/\/diariodepernambuco.audiencelabs.com.br\/wp-json\/wp\/v2\/media\/2129"}],"wp:attachment":[{"href":"https:\/\/diariodepernambuco.audiencelabs.com.br\/wp-json\/wp\/v2\/media?parent=5269"}],"wp:term":[{"taxonomy":"category","embeddable":true,"href":"https:\/\/diariodepernambuco.audiencelabs.com.br\/wp-json\/wp\/v2\/categories?post=5269"},{"taxonomy":"post_tag","embeddable":true,"href":"https:\/\/diariodepernambuco.audiencelabs.com.br\/wp-json\/wp\/v2\/tags?post=5269"}],"curies":[{"name":"wp","href":"https:\/\/api.w.org\/{rel}","templated":true}]}}