{"id":5276,"date":"2025-10-03T15:30:00","date_gmt":"2025-10-03T18:30:00","guid":{"rendered":"https:\/\/diariodepernambuco.audiencelabs.com.br\/?p=5276"},"modified":"2025-10-02T13:41:00","modified_gmt":"2025-10-02T16:41:00","slug":"novo-acordo-do-inss-traz-aumento-aos-beneficiarios","status":"publish","type":"post","link":"https:\/\/diariodepernambuco.audiencelabs.com.br\/novo-acordo-do-inss-traz-aumento-aos-beneficiarios\/","title":{"rendered":"Novo acordo do INSS traz aumento aos benefici\u00e1rios"},"content":{"rendered":"\n<p>O Instituto Nacional do Seguro Social (INSS) firmou nesta quarta-feira (1\u00ba) um Acordo de Coopera\u00e7\u00e3o T\u00e9cnica (ACT) com a Funda\u00e7\u00e3o Instituto de Pesca do Estado do Rio de Janeiro (FIPERJ), com o objetivo de ampliar o acesso de pescadores e trabalhadores rurais a benef\u00edcios previdenci\u00e1rios e assistenciais.<\/p>\n\n\n\n<p>A cerim\u00f4nia de assinatura ocorreu na sede da Funda\u00e7\u00e3o, em Niter\u00f3i, e contou com a presen\u00e7a do presidente do INSS, Gilberto Waller, e do presidente da FIPERJ, Jos\u00e9 Carlos Gervazoni. Para Waller, a parceria representa um passo importante para aproximar os servi\u00e7os previdenci\u00e1rios de comunidades historicamente exclu\u00eddas, al\u00e9m de ampliar o acesso \u00e0 informa\u00e7\u00e3o e ao exerc\u00edcio dos direitos sociais.<\/p>\n\n\n\n<p>&#8220;Essa coopera\u00e7\u00e3o permite n\u00e3o s\u00f3 a educa\u00e7\u00e3o sobre direitos, mas tamb\u00e9m orienta sobre o que fazer para garantir o acesso aos benef\u00edcios. O reconhecimento do direito traz cidadania e pode tirar pessoas da situa\u00e7\u00e3o de vulnerabilidade&#8221;, disse o presidente do INSS.<\/p>\n\n\n\n<p>A Funda\u00e7\u00e3o Instituto de Pesca do Estado do Rio de Janeiro desenvolve a\u00e7\u00f5es de assist\u00eancia t\u00e9cnica e extens\u00e3o pesqueira voltadas a pescadores e trabalhadores rurais. Al\u00e9m disso, desempenha um papel essencial no fomento ao desenvolvimento sustent\u00e1vel da pesca e da aquicultura no estado, realizando pesquisas e monitorando as atividades do setor.<\/p>\n\n\n\n<h2 class=\"wp-block-heading\">Calend\u00e1rio de outubro do INSS<\/h2>\n\n\n\n<p><strong>At\u00e9 um sal\u00e1rio m\u00ednimo<\/strong><\/p>\n\n\n\n<ul class=\"wp-block-list\">\n<li>Final 1: 27\/10<\/li>\n\n\n\n<li>Final 2: 28\/10<\/li>\n\n\n\n<li>Final 3: 29\/10<\/li>\n\n\n\n<li>Final 4: 30\/10<\/li>\n\n\n\n<li>Final 5: 31\/10<\/li>\n\n\n\n<li>Final 6: 03\/11<\/li>\n\n\n\n<li>Final 7: 04\/11<\/li>\n\n\n\n<li>Final 8: 05\/11<\/li>\n\n\n\n<li>Final 9: 06\/11<\/li>\n\n\n\n<li>Final 0: 07\/11<\/li>\n<\/ul>\n\n\n\n<p><strong>Acima de um sal\u00e1rio m\u00ednimo<\/strong><\/p>\n\n\n\n<ul class=\"wp-block-list\">\n<li>Finais 1 e 6: 03\/11<\/li>\n\n\n\n<li>Finais 2 e 7: 04\/11<\/li>\n\n\n\n<li>Finais 3 e 8: 05\/11<\/li>\n\n\n\n<li>Finais 4 e 9: 06\/11<\/li>\n\n\n\n<li>Finais 5 e 0: 07\/11<\/li>\n<\/ul>\n","protected":false},"excerpt":{"rendered":"<p>O Instituto Nacional do Seguro Social (INSS) firmou nesta quarta-feira (1\u00ba) um Acordo de Coopera\u00e7\u00e3o T\u00e9cnica (ACT) com a Funda\u00e7\u00e3o Instituto de Pesca do Estado do Rio de Janeiro (FIPERJ), com o objetivo de ampliar o acesso de pescadores e trabalhadores rurais a benef\u00edcios previdenci\u00e1rios e assistenciais. A cerim\u00f4nia de assinatura ocorreu na sede da [&hellip;]<\/p>\n","protected":false},"author":4,"featured_media":1476,"comment_status":"open","ping_status":"open","sticky":false,"template":"","format":"standard","meta":{"jnews-multi-image_gallery":[],"jnews_single_post":{"format":"standard"},"jnews_primary_category":[],"jnews_social_meta":[],"jnews_post_split":[],"footnotes":""},"categories":[1],"tags":[],"class_list":["post-5276","post","type-post","status-publish","format-standard","has-post-thumbnail","hentry","category-uncategorized"],"_links":{"self":[{"href":"https:\/\/diariodepernambuco.audiencelabs.com.br\/wp-json\/wp\/v2\/posts\/5276","targetHints":{"allow":["GET"]}}],"collection":[{"href":"https:\/\/diariodepernambuco.audiencelabs.com.br\/wp-json\/wp\/v2\/posts"}],"about":[{"href":"https:\/\/diariodepernambuco.audiencelabs.com.br\/wp-json\/wp\/v2\/types\/post"}],"author":[{"embeddable":true,"href":"https:\/\/diariodepernambuco.audiencelabs.com.br\/wp-json\/wp\/v2\/users\/4"}],"replies":[{"embeddable":true,"href":"https:\/\/diariodepernambuco.audiencelabs.com.br\/wp-json\/wp\/v2\/comments?post=5276"}],"version-history":[{"count":2,"href":"https:\/\/diariodepernambuco.audiencelabs.com.br\/wp-json\/wp\/v2\/posts\/5276\/revisions"}],"predecessor-version":[{"id":5280,"href":"https:\/\/diariodepernambuco.audiencelabs.com.br\/wp-json\/wp\/v2\/posts\/5276\/revisions\/5280"}],"wp:featuredmedia":[{"embeddable":true,"href":"https:\/\/diariodepernambuco.audiencelabs.com.br\/wp-json\/wp\/v2\/media\/1476"}],"wp:attachment":[{"href":"https:\/\/diariodepernambuco.audiencelabs.com.br\/wp-json\/wp\/v2\/media?parent=5276"}],"wp:term":[{"taxonomy":"category","embeddable":true,"href":"https:\/\/diariodepernambuco.audiencelabs.com.br\/wp-json\/wp\/v2\/categories?post=5276"},{"taxonomy":"post_tag","embeddable":true,"href":"https:\/\/diariodepernambuco.audiencelabs.com.br\/wp-json\/wp\/v2\/tags?post=5276"}],"curies":[{"name":"wp","href":"https:\/\/api.w.org\/{rel}","templated":true}]}}