{"id":5281,"date":"2025-10-02T13:46:30","date_gmt":"2025-10-02T16:46:30","guid":{"rendered":"https:\/\/diariodepernambuco.audiencelabs.com.br\/?p=5281"},"modified":"2025-10-02T19:02:30","modified_gmt":"2025-10-02T22:02:30","slug":"renomada-empresa-do-comercio-acaba-de-anunciar-fim-das-atividades","status":"publish","type":"post","link":"https:\/\/diariodepernambuco.audiencelabs.com.br\/renomada-empresa-do-comercio-acaba-de-anunciar-fim-das-atividades\/","title":{"rendered":"Fast Shop pode realizar fechamento em alguns dias, afirma colunista"},"content":{"rendered":"\n<p>A Fast Shop comunicou internamente a seus colaboradores que encerrar\u00e1 as atividades de 11 lojas e de um centro de distribui\u00e7\u00e3o, segundo informa\u00e7\u00e3o divulgada pela coluna de Rodrigo Loureiro, do Times Brasil. O fechamento, que inclui tanto unidades pr\u00f3prias quanto filiais \u2014 entre elas as lojas A2You, especializadas em produtos Apple \u2014 ser\u00e1 feito em tr\u00eas fases ao longo deste m\u00eas.<\/p>\n\n\n\n<p>Em comunicado, a Fast Shop informou que o fechamento faz parte de uma estrat\u00e9gia para elevar a rentabilidade e a efici\u00eancia operacional, ressaltando que as lojas f\u00edsicas seguem sendo um pilar importante do neg\u00f3cio. No entanto, a empresa n\u00e3o detalhou se os funcion\u00e1rios das unidades impactadas ser\u00e3o desligados ou transferidos para outras filiais.<\/p>\n\n\n\n<p>O an\u00fancio acontece em meio a uma mudan\u00e7a na lideran\u00e7a da Fast Shop, com a nomea\u00e7\u00e3o de Rodrigo Ogawa como CEO interino, respons\u00e1vel por conduzir a empresa diante de um cen\u00e1rio corporativo desafiador. A decis\u00e3o de fechar unidades f\u00edsicas tamb\u00e9m ocorre \u00e0s v\u00e9speras da Black Friday, uma das datas mais relevantes para o varejo.<\/p>\n\n\n\n<p>Al\u00e9m dos desafios financeiros, a Fast Shop tamb\u00e9m est\u00e1 sob investiga\u00e7\u00e3o do Minist\u00e9rio P\u00fablico de S\u00e3o Paulo, que apura ind\u00edcios de uso irregular de cr\u00e9ditos de ICMS, opera\u00e7\u00f5es financeiras com empresas de fachada e poss\u00edvel participa\u00e7\u00e3o de auditores fiscais em esquemas de propina. O diretor estatut\u00e1rio M\u00e1rio Ot\u00e1vio Gomes admitiu envolvimento no caso e chegou a ser preso.<\/p>\n\n\n\n<h2 class=\"wp-block-heading\">O uso irregular de cr\u00e9ditos de ICMS na Fast Shop<\/h2>\n\n\n\n<ul class=\"wp-block-list\">\n<li>Investiga\u00e7\u00e3o: O caso est\u00e1 sendo apurado pelo Minist\u00e9rio P\u00fablico de S\u00e3o Paulo (MP-SP).<\/li>\n<\/ul>\n\n\n\n<ul class=\"wp-block-list\">\n<li>Acusa\u00e7\u00f5es: H\u00e1 ind\u00edcios de uso indevido de cr\u00e9ditos de ICMS para reduzir artificialmente tributos devidos.<\/li>\n<\/ul>\n\n\n\n<ul class=\"wp-block-list\">\n<li>Esquemas financeiros: Opera\u00e7\u00f5es suspeitas teriam sido realizadas por meio de empresas de fachada.<\/li>\n<\/ul>\n\n\n\n<ul class=\"wp-block-list\">\n<li>Envolvimento de servidores p\u00fablicos: Auditores fiscais s\u00e3o investigados por participa\u00e7\u00e3o em esquemas de propina ligados \u00e0 fraude.<\/li>\n<\/ul>\n\n\n\n<ul class=\"wp-block-list\">\n<li>Executivo da empresa: O diretor estatut\u00e1rio M\u00e1rio Ot\u00e1vio Gomes reconheceu participa\u00e7\u00e3o no esquema e chegou a ser preso.<\/li>\n<\/ul>\n\n\n\n<ul class=\"wp-block-list\">\n<li>Contexto: A investiga\u00e7\u00e3o ocorre em meio a um per\u00edodo de dificuldades financeiras e reestrutura\u00e7\u00e3o interna da Fast Shop.<\/li>\n<\/ul>\n\n\n\n<p><\/p>\n","protected":false},"excerpt":{"rendered":"<p>A Fast Shop comunicou internamente a seus colaboradores que encerrar\u00e1 as atividades de 11 lojas e de um centro de distribui\u00e7\u00e3o, segundo informa\u00e7\u00e3o divulgada pela coluna de Rodrigo Loureiro, do Times Brasil. O fechamento, que inclui tanto unidades pr\u00f3prias quanto filiais \u2014 entre elas as lojas A2You, especializadas em produtos Apple \u2014 ser\u00e1 feito em [&hellip;]<\/p>\n","protected":false},"author":4,"featured_media":5282,"comment_status":"open","ping_status":"open","sticky":false,"template":"","format":"standard","meta":{"jnews-multi-image_gallery":[],"jnews_single_post":{"format":"standard"},"jnews_primary_category":[],"jnews_social_meta":[],"jnews_post_split":[],"footnotes":""},"categories":[1],"tags":[],"class_list":["post-5281","post","type-post","status-publish","format-standard","has-post-thumbnail","hentry","category-uncategorized"],"_links":{"self":[{"href":"https:\/\/diariodepernambuco.audiencelabs.com.br\/wp-json\/wp\/v2\/posts\/5281","targetHints":{"allow":["GET"]}}],"collection":[{"href":"https:\/\/diariodepernambuco.audiencelabs.com.br\/wp-json\/wp\/v2\/posts"}],"about":[{"href":"https:\/\/diariodepernambuco.audiencelabs.com.br\/wp-json\/wp\/v2\/types\/post"}],"author":[{"embeddable":true,"href":"https:\/\/diariodepernambuco.audiencelabs.com.br\/wp-json\/wp\/v2\/users\/4"}],"replies":[{"embeddable":true,"href":"https:\/\/diariodepernambuco.audiencelabs.com.br\/wp-json\/wp\/v2\/comments?post=5281"}],"version-history":[{"count":2,"href":"https:\/\/diariodepernambuco.audiencelabs.com.br\/wp-json\/wp\/v2\/posts\/5281\/revisions"}],"predecessor-version":[{"id":5299,"href":"https:\/\/diariodepernambuco.audiencelabs.com.br\/wp-json\/wp\/v2\/posts\/5281\/revisions\/5299"}],"wp:featuredmedia":[{"embeddable":true,"href":"https:\/\/diariodepernambuco.audiencelabs.com.br\/wp-json\/wp\/v2\/media\/5282"}],"wp:attachment":[{"href":"https:\/\/diariodepernambuco.audiencelabs.com.br\/wp-json\/wp\/v2\/media?parent=5281"}],"wp:term":[{"taxonomy":"category","embeddable":true,"href":"https:\/\/diariodepernambuco.audiencelabs.com.br\/wp-json\/wp\/v2\/categories?post=5281"},{"taxonomy":"post_tag","embeddable":true,"href":"https:\/\/diariodepernambuco.audiencelabs.com.br\/wp-json\/wp\/v2\/tags?post=5281"}],"curies":[{"name":"wp","href":"https:\/\/api.w.org\/{rel}","templated":true}]}}