{"id":5286,"date":"2025-10-03T17:30:00","date_gmt":"2025-10-03T20:30:00","guid":{"rendered":"https:\/\/diariodepernambuco.audiencelabs.com.br\/?p=5286"},"modified":"2025-10-02T13:52:21","modified_gmt":"2025-10-02T16:52:21","slug":"fim-do-ciclo-para-autoescolas-no-brasil-lula-tomou-decisao","status":"publish","type":"post","link":"https:\/\/diariodepernambuco.audiencelabs.com.br\/fim-do-ciclo-para-autoescolas-no-brasil-lula-tomou-decisao\/","title":{"rendered":"Fim do ciclo para autoescolas no Brasil? Lula tomou decis\u00e3o"},"content":{"rendered":"\n<p>O presidente Luiz In\u00e1cio Lula da Silva autorizou, nesta quarta-feira, que o Minist\u00e9rio dos Transportes avance com o projeto que elimina a obrigatoriedade de frequentar autoescola para obter a Carteira Nacional de Habilita\u00e7\u00e3o (CNH). Segundo o ministro da pasta, Renan Filho, a expectativa \u00e9 que a nova regra entre em vigor ainda em novembro deste ano.<\/p>\n\n\n\n<p>Elaborada pela equipe do ministro, a medida visa reduzir os custos para obten\u00e7\u00e3o da CNH, mas enfrenta resist\u00eancia das autoescolas. Atualmente, uma resolu\u00e7\u00e3o do Conselho Nacional de Tr\u00e2nsito (Contran) exige 20 horas de aulas em autoescola, regra que s\u00f3 pode ser alterada por decis\u00e3o do presidente Lula.<\/p>\n\n\n\n<p>Com esse aval, o Minist\u00e9rio dos Transportes deu in\u00edcio \u00e0 consulta p\u00fablica nesta quinta-feira, que ter\u00e1 dura\u00e7\u00e3o de 30 dias. Renan Filho afirma que o projeto vigente da pasta prev\u00ea o fim da obrigatoriedade das aulas te\u00f3ricas. Embora apoie a redu\u00e7\u00e3o tamb\u00e9m das aulas pr\u00e1ticas, o ministro reconhece que poder\u00e1 ser estabelecido um n\u00famero m\u00ednimo de aulas pr\u00e1ticas, que ainda n\u00e3o foi definido.<\/p>\n\n\n\n<p>&#8220;Estamos abertos a ouvir propostas da sociedade civil, mas o objetivo \u00e9 estimular a formaliza\u00e7\u00e3o e reduzir o custo (para a obten\u00e7\u00e3o da CNH). A redu\u00e7\u00e3o poder\u00e1 ser de 70% a 80%, a depender da exig\u00eancia m\u00ednima de aulas pr\u00e1ticas ou n\u00e3o&#8221;, disse.<\/p>\n\n\n\n<p>Caso seja implementada, a proposta valer\u00e1, a princ\u00edpio, apenas para as categorias A e B, correspondentes a motocicletas e ve\u00edculos de passeio. A iniciativa tamb\u00e9m busca facilitar a regulariza\u00e7\u00e3o de motoristas que circulam sem habilita\u00e7\u00e3o devido ao alto custo para obter a CNH. O Minist\u00e9rio dos Transportes estima que cerca de 40 milh\u00f5es de motoristas estejam nessa situa\u00e7\u00e3o irregular.<\/p>\n\n\n\n<p><\/p>\n","protected":false},"excerpt":{"rendered":"<p>O presidente Luiz In\u00e1cio Lula da Silva autorizou, nesta quarta-feira, que o Minist\u00e9rio dos Transportes avance com o projeto que elimina a obrigatoriedade de frequentar autoescola para obter a Carteira Nacional de Habilita\u00e7\u00e3o (CNH). Segundo o ministro da pasta, Renan Filho, a expectativa \u00e9 que a nova regra entre em vigor ainda em novembro deste [&hellip;]<\/p>\n","protected":false},"author":4,"featured_media":1032,"comment_status":"open","ping_status":"open","sticky":false,"template":"","format":"standard","meta":{"jnews-multi-image_gallery":[],"jnews_single_post":{"format":"standard"},"jnews_primary_category":[],"jnews_social_meta":[],"jnews_post_split":[],"footnotes":""},"categories":[1],"tags":[],"class_list":["post-5286","post","type-post","status-publish","format-standard","has-post-thumbnail","hentry","category-uncategorized"],"_links":{"self":[{"href":"https:\/\/diariodepernambuco.audiencelabs.com.br\/wp-json\/wp\/v2\/posts\/5286","targetHints":{"allow":["GET"]}}],"collection":[{"href":"https:\/\/diariodepernambuco.audiencelabs.com.br\/wp-json\/wp\/v2\/posts"}],"about":[{"href":"https:\/\/diariodepernambuco.audiencelabs.com.br\/wp-json\/wp\/v2\/types\/post"}],"author":[{"embeddable":true,"href":"https:\/\/diariodepernambuco.audiencelabs.com.br\/wp-json\/wp\/v2\/users\/4"}],"replies":[{"embeddable":true,"href":"https:\/\/diariodepernambuco.audiencelabs.com.br\/wp-json\/wp\/v2\/comments?post=5286"}],"version-history":[{"count":2,"href":"https:\/\/diariodepernambuco.audiencelabs.com.br\/wp-json\/wp\/v2\/posts\/5286\/revisions"}],"predecessor-version":[{"id":5288,"href":"https:\/\/diariodepernambuco.audiencelabs.com.br\/wp-json\/wp\/v2\/posts\/5286\/revisions\/5288"}],"wp:featuredmedia":[{"embeddable":true,"href":"https:\/\/diariodepernambuco.audiencelabs.com.br\/wp-json\/wp\/v2\/media\/1032"}],"wp:attachment":[{"href":"https:\/\/diariodepernambuco.audiencelabs.com.br\/wp-json\/wp\/v2\/media?parent=5286"}],"wp:term":[{"taxonomy":"category","embeddable":true,"href":"https:\/\/diariodepernambuco.audiencelabs.com.br\/wp-json\/wp\/v2\/categories?post=5286"},{"taxonomy":"post_tag","embeddable":true,"href":"https:\/\/diariodepernambuco.audiencelabs.com.br\/wp-json\/wp\/v2\/tags?post=5286"}],"curies":[{"name":"wp","href":"https:\/\/api.w.org\/{rel}","templated":true}]}}