{"id":5326,"date":"2025-10-04T00:52:00","date_gmt":"2025-10-04T03:52:00","guid":{"rendered":"https:\/\/diariodepernambuco.audiencelabs.com.br\/?p=5326"},"modified":"2025-10-02T20:19:33","modified_gmt":"2025-10-02T23:19:33","slug":"proibicao-envolvendo-cartoes-de-creditos-foi-confirmada","status":"publish","type":"post","link":"https:\/\/diariodepernambuco.audiencelabs.com.br\/proibicao-envolvendo-cartoes-de-creditos-foi-confirmada\/","title":{"rendered":"Proibi\u00e7\u00e3o envolvendo cart\u00f5es de cr\u00e9ditos foi confirmada"},"content":{"rendered":"\n<p>O Banco Central, principal autoridade monet\u00e1ria do pa\u00eds, emitiu um comunicado confirmando uma restri\u00e7\u00e3o que atinge as faturas de cart\u00f5es de cr\u00e9dito de grandes bancos, como Nubank e Ita\u00fa. Em resumo, para entender o contexto, em 2024 foi determinado que as institui\u00e7\u00f5es financeiras deveriam seguir novas regras estabelecidas pelo \u00f3rg\u00e3o.<\/p>\n\n\n\n<p>Diante desse cen\u00e1rio, o Banco Central publicou uma resolu\u00e7\u00e3o com medidas para estimular pr\u00e1ticas de cr\u00e9dito mais respons\u00e1veis e, assim, reduzir o risco de superendividamento das fam\u00edlias. Entre as mudan\u00e7as, destaca-se a obriga\u00e7\u00e3o de enviar ao titular um aviso sobre o vencimento da fatura com, no m\u00ednimo, dois dias de anteced\u00eancia.<\/p>\n\n\n\n<p>No comunicado, o banco deve informar que o n\u00e3o pagamento integral da fatura implica a cobran\u00e7a de juros e encargos. Tamb\u00e9m precisa esclarecer as consequ\u00eancias do atraso ou do n\u00e3o pagamento do valor m\u00ednimo obrigat\u00f3rio. Al\u00e9m disso, a institui\u00e7\u00e3o deve orientar os clientes sobre as op\u00e7\u00f5es de quita\u00e7\u00e3o, incluindo o pagamento antecipado e as alternativas de financiamento do saldo devedor.<\/p>\n\n\n\n<p>As faturas tamb\u00e9m devem incluir informa\u00e7\u00f5es sobre o in\u00edcio de um poss\u00edvel parcelamento do saldo do cr\u00e9dito rotativo e da fatura correspondente. Al\u00e9m disso, \u00e9 fundamental que o cliente seja notificado com, no m\u00ednimo, um m\u00eas de anteced\u00eancia sobre o fim do per\u00edodo de isen\u00e7\u00e3o e o in\u00edcio da cobran\u00e7a da anuidade do cart\u00e3o de cr\u00e9dito.<\/p>\n\n\n\n<p>As novas regras tamb\u00e9m refor\u00e7am a transpar\u00eancia nas opera\u00e7\u00f5es, exigindo que as institui\u00e7\u00f5es financeiras apresentem de forma clara e acess\u00edvel o custo efetivo total (CET) das opera\u00e7\u00f5es de cr\u00e9dito. Isso inclui taxas de juros, encargos e demais despesas que possam impactar o consumidor.<\/p>\n\n\n\n<p>A ideia \u00e9 que o cliente tenha condi\u00e7\u00f5es de avaliar, de maneira mais consciente, os riscos e os custos antes de tomar qualquer decis\u00e3o financeira. Com essas medidas, o Banco Central busca equilibrar a rela\u00e7\u00e3o entre bancos e consumidores, incentivando pr\u00e1ticas mais justas no mercado de cr\u00e9dito.<\/p>\n\n\n\n<p><\/p>\n","protected":false},"excerpt":{"rendered":"<p>O Banco Central, principal autoridade monet\u00e1ria do pa\u00eds, emitiu um comunicado confirmando uma restri\u00e7\u00e3o que atinge as faturas de cart\u00f5es de cr\u00e9dito de grandes bancos, como Nubank e Ita\u00fa. Em resumo, para entender o contexto, em 2024 foi determinado que as institui\u00e7\u00f5es financeiras deveriam seguir novas regras estabelecidas pelo \u00f3rg\u00e3o. Diante desse cen\u00e1rio, o Banco [&hellip;]<\/p>\n","protected":false},"author":4,"featured_media":1207,"comment_status":"open","ping_status":"open","sticky":false,"template":"","format":"standard","meta":{"jnews-multi-image_gallery":[],"jnews_single_post":[],"jnews_primary_category":[],"jnews_social_meta":[],"jnews_post_split":[],"footnotes":""},"categories":[1],"tags":[],"class_list":["post-5326","post","type-post","status-publish","format-standard","has-post-thumbnail","hentry","category-uncategorized"],"_links":{"self":[{"href":"https:\/\/diariodepernambuco.audiencelabs.com.br\/wp-json\/wp\/v2\/posts\/5326","targetHints":{"allow":["GET"]}}],"collection":[{"href":"https:\/\/diariodepernambuco.audiencelabs.com.br\/wp-json\/wp\/v2\/posts"}],"about":[{"href":"https:\/\/diariodepernambuco.audiencelabs.com.br\/wp-json\/wp\/v2\/types\/post"}],"author":[{"embeddable":true,"href":"https:\/\/diariodepernambuco.audiencelabs.com.br\/wp-json\/wp\/v2\/users\/4"}],"replies":[{"embeddable":true,"href":"https:\/\/diariodepernambuco.audiencelabs.com.br\/wp-json\/wp\/v2\/comments?post=5326"}],"version-history":[{"count":2,"href":"https:\/\/diariodepernambuco.audiencelabs.com.br\/wp-json\/wp\/v2\/posts\/5326\/revisions"}],"predecessor-version":[{"id":5328,"href":"https:\/\/diariodepernambuco.audiencelabs.com.br\/wp-json\/wp\/v2\/posts\/5326\/revisions\/5328"}],"wp:featuredmedia":[{"embeddable":true,"href":"https:\/\/diariodepernambuco.audiencelabs.com.br\/wp-json\/wp\/v2\/media\/1207"}],"wp:attachment":[{"href":"https:\/\/diariodepernambuco.audiencelabs.com.br\/wp-json\/wp\/v2\/media?parent=5326"}],"wp:term":[{"taxonomy":"category","embeddable":true,"href":"https:\/\/diariodepernambuco.audiencelabs.com.br\/wp-json\/wp\/v2\/categories?post=5326"},{"taxonomy":"post_tag","embeddable":true,"href":"https:\/\/diariodepernambuco.audiencelabs.com.br\/wp-json\/wp\/v2\/tags?post=5326"}],"curies":[{"name":"wp","href":"https:\/\/api.w.org\/{rel}","templated":true}]}}