{"id":5375,"date":"2025-10-06T11:30:00","date_gmt":"2025-10-06T14:30:00","guid":{"rendered":"https:\/\/diariodepernambuco.audiencelabs.com.br\/?p=5375"},"modified":"2025-10-03T10:11:38","modified_gmt":"2025-10-03T13:11:38","slug":"alexandre-de-moraes-fez-afirmacao-de-roubo-no-futebol-e-ficou-muito-aborrecido","status":"publish","type":"post","link":"https:\/\/diariodepernambuco.audiencelabs.com.br\/alexandre-de-moraes-fez-afirmacao-de-roubo-no-futebol-e-ficou-muito-aborrecido\/","title":{"rendered":"Alexandre de Moraes fez afirma\u00e7\u00e3o de roubo no futebol e ficou muito aborrecido"},"content":{"rendered":"\n<p>A repercus\u00e3o da 26\u00aa rodada do Campeonato Brasileiro n\u00e3o movimento apenas as arquibancadas e as mesas redondas pelo pa\u00eds afora. Isto porque uma pol\u00eamica e tanto no encontro entre Internacional e Corinthians, disputado no est\u00e1dio Beira-Rio, chegou at\u00e9 ao Supremo Tribunal Federal (STF) por meio de Alexandre de Moraes.<\/p>\n\n\n\n<p>Famoso torcedor do clube paulista, o ministro da Suprema Corte exp\u00f4s sua indigna\u00e7\u00e3o com a penalidade m\u00e1xima dada pelo \u00e1rbitro Rodrigo Jos\u00e9 Pereira de Lima na \u00faltima quarta-feira (1\u00aa). O Corinthians vencia a partida at\u00e9 os acr\u00e9scimos, quando Carbonero aproveitou a oportunidade para empatar o confronto, que terminou em 1 a 1.<\/p>\n\n\n\n<p>&#8220;Ontem, novamente, fomos (Corinthians) roubados \u00e0 m\u00e3o armada com a marca\u00e7\u00e3o de um p\u00eanalti aos 52 minutos (do segundo tempo). Um p\u00eanalti absurdo&#8221;, disse Alexandre de Moraes. O lance mencionado pelo ministro envolveu uma disputa de bola entre Cac\u00e1, zagueiro do Alvinegro, e Bruno Henrique, meio-campista do Colorado.<\/p>\n\n\n\n<p>Ap\u00f3s longa revis\u00e3o no VAR e muita discuss\u00e3o, o juiz assinalou p\u00eanalti. Com apenas um ponto na bagagem, o Corinthians chegou aos 30 e ocupa apenas a 13\u00aa coloca\u00e7\u00e3o na tabela. O Vit\u00f3ria, equipe que hoje abre o temido Z4, tem 25 pontos conquistados.<\/p>\n\n\n\n<h2 class=\"wp-block-heading\">Os jogos da 26\u00aa rodada do Brasileir\u00e3o<\/h2>\n\n\n\n<ul class=\"wp-block-list\">\n<li>30\/09, 21h30 &#8211; Atl\u00e9tico-MG 0 x 0 Juventude<\/li>\n\n\n\n<li>01\/10, 19h00 &#8211; Palmeiras 3 x 0 Vasco da Gama<\/li>\n\n\n\n<li>01\/10, 19h00 &#8211; Mirassol 1 x 1 RB Bragantino<\/li>\n\n\n\n<li>01\/10, 19h00 &#8211; Sport Recife 2 x 2 Fluminense<\/li>\n\n\n\n<li>01\/10, 19h30 &#8211; Internacional 1 x 1 Corinthians<\/li>\n\n\n\n<li>01\/10, 21h30 &#8211; Botafogo 2 x 1 Bahia<\/li>\n\n\n\n<li>01\/10, 21h30 &#8211; Santos 1 x 1 Gr\u00eamio<\/li>\n\n\n\n<li>02\/10, 19h00 &#8211; Vit\u00f3ria 1 x 0 Cear\u00e1<\/li>\n\n\n\n<li>02\/10, 19h00 &#8211; Fortaleza 0 x 2 S\u00e3o Paulo<\/li>\n\n\n\n<li>02\/10, 20h30 &#8211; Flamengo 0 x 0 Cruzeiro<\/li>\n<\/ul>\n\n\n\n<p><\/p>\n","protected":false},"excerpt":{"rendered":"<p>A repercus\u00e3o da 26\u00aa rodada do Campeonato Brasileiro n\u00e3o movimento apenas as arquibancadas e as mesas redondas pelo pa\u00eds afora. Isto porque uma pol\u00eamica e tanto no encontro entre Internacional e Corinthians, disputado no est\u00e1dio Beira-Rio, chegou at\u00e9 ao Supremo Tribunal Federal (STF) por meio de Alexandre de Moraes. Famoso torcedor do clube paulista, o [&hellip;]<\/p>\n","protected":false},"author":4,"featured_media":5373,"comment_status":"open","ping_status":"open","sticky":false,"template":"","format":"standard","meta":{"jnews-multi-image_gallery":[],"jnews_single_post":{"format":"standard"},"jnews_primary_category":[],"jnews_social_meta":[],"jnews_post_split":[],"footnotes":""},"categories":[1],"tags":[],"class_list":["post-5375","post","type-post","status-publish","format-standard","has-post-thumbnail","hentry","category-uncategorized"],"_links":{"self":[{"href":"https:\/\/diariodepernambuco.audiencelabs.com.br\/wp-json\/wp\/v2\/posts\/5375","targetHints":{"allow":["GET"]}}],"collection":[{"href":"https:\/\/diariodepernambuco.audiencelabs.com.br\/wp-json\/wp\/v2\/posts"}],"about":[{"href":"https:\/\/diariodepernambuco.audiencelabs.com.br\/wp-json\/wp\/v2\/types\/post"}],"author":[{"embeddable":true,"href":"https:\/\/diariodepernambuco.audiencelabs.com.br\/wp-json\/wp\/v2\/users\/4"}],"replies":[{"embeddable":true,"href":"https:\/\/diariodepernambuco.audiencelabs.com.br\/wp-json\/wp\/v2\/comments?post=5375"}],"version-history":[{"count":2,"href":"https:\/\/diariodepernambuco.audiencelabs.com.br\/wp-json\/wp\/v2\/posts\/5375\/revisions"}],"predecessor-version":[{"id":5378,"href":"https:\/\/diariodepernambuco.audiencelabs.com.br\/wp-json\/wp\/v2\/posts\/5375\/revisions\/5378"}],"wp:featuredmedia":[{"embeddable":true,"href":"https:\/\/diariodepernambuco.audiencelabs.com.br\/wp-json\/wp\/v2\/media\/5373"}],"wp:attachment":[{"href":"https:\/\/diariodepernambuco.audiencelabs.com.br\/wp-json\/wp\/v2\/media?parent=5375"}],"wp:term":[{"taxonomy":"category","embeddable":true,"href":"https:\/\/diariodepernambuco.audiencelabs.com.br\/wp-json\/wp\/v2\/categories?post=5375"},{"taxonomy":"post_tag","embeddable":true,"href":"https:\/\/diariodepernambuco.audiencelabs.com.br\/wp-json\/wp\/v2\/tags?post=5375"}],"curies":[{"name":"wp","href":"https:\/\/api.w.org\/{rel}","templated":true}]}}