{"id":5402,"date":"2025-10-06T17:00:00","date_gmt":"2025-10-06T20:00:00","guid":{"rendered":"https:\/\/diariodepernambuco.audiencelabs.com.br\/?p=5402"},"modified":"2025-10-06T14:35:02","modified_gmt":"2025-10-06T17:35:02","slug":"vereador-solta-pum-durante-sessao-no-plenario-e-todos-caem-na-risada","status":"publish","type":"post","link":"https:\/\/diariodepernambuco.audiencelabs.com.br\/vereador-solta-pum-durante-sessao-no-plenario-e-todos-caem-na-risada\/","title":{"rendered":"Vereador solta pum durante sess\u00e3o no plen\u00e1rio e todos caem na risada"},"content":{"rendered":"\n<p>Uma sess\u00e3o da C\u00e2mara Municipal de Oroc\u00f3, no sert\u00e3o de Pernambuco, terminou em clima de constrangimento e risadas na \u00faltima semana. O vereador Ricardo Amando (MDB) n\u00e3o conseguiu segurar um pum durante a reuni\u00e3o e seus colegas gargalharam. O epis\u00f3dio ocorreu enquanto outro parlamentar discursava.<\/p>\n\n\n\n<p>O pum interrompeu a fala e, al\u00e9m do constrangimento, os vereadores relataram mau cheiro no plen\u00e1rio, o que levou \u00e0 suspens\u00e3o tempor\u00e1ria da sess\u00e3o. Coube ao vereador Lucas Leal (PT), que estava na tribuna, explicar \u00e0 popula\u00e7\u00e3o o que havia acontecido. Em meio \u00e0s risadas, ele admitiu que n\u00e3o conseguiu conter o riso.<\/p>\n\n\n\n<p>\u201cInfelizmente aconteceu um probleminha com o vereador Ricardo e a gente n\u00e3o conseguiu segurar\u201d, disse Lucas. O momento foi transmitido pelo canal da C\u00e2mara Municipal de Oroc\u00f3 e viralizou nas redes sociais. Confira:<\/p>\n\n\n\n<figure class=\"wp-block-embed is-type-video is-provider-youtube wp-block-embed-youtube wp-embed-aspect-16-9 wp-has-aspect-ratio\"><div class=\"wp-block-embed__wrapper\">\n<div class=\"jeg_video_container jeg_video_content\"><iframe loading=\"lazy\" title=\"Pum interrompe sess\u00e3o da C\u00e2mara Municipal de\u00a0Oroc\u00f3\u00a0(PE)\" width=\"500\" height=\"281\" src=\"https:\/\/www.youtube.com\/embed\/7WmZkeCiqaM?feature=oembed\" frameborder=\"0\" allow=\"accelerometer; autoplay; clipboard-write; encrypted-media; gyroscope; picture-in-picture; web-share\" referrerpolicy=\"strict-origin-when-cross-origin\" allowfullscreen><\/iframe><\/div>\n<\/div><\/figure>\n\n\n\n<p>Ricardo Amando reside em Oroc\u00f3 h\u00e1 29 anos. Por l\u00e1, teve diversas ocupa\u00e7\u00f5es, entre elas a de pequeno produtor de manga, Servidor P\u00fablico Municipal e hoje ocupa o cargo de vereador. Em 2019, ele disputou a elei\u00e7\u00e3o municipal para Conselheiro Tutelar, onde obteve 1.027 votos. J\u00e1 em 2024, foi eleito vereador obtendo um total de 575 votos.<\/p>\n\n\n\n<h2 class=\"wp-block-heading\">Os atuais vereadores da C\u00e2mara Municipal de Oroc\u00f3<\/h2>\n\n\n\n<ul class=\"wp-block-list\">\n<li>Alexandre Caetano \u2013 Presidente da C\u00e2mara<\/li>\n\n\n\n<li>Dr. Sandro Santos \u2013 Advogado e ex-assessor jur\u00eddico da C\u00e2mara<\/li>\n\n\n\n<li>H\u00e9lio de Zefinha<\/li>\n\n\n\n<li>Ighor de Tat\u00e1<\/li>\n\n\n\n<li>Lucas Leal Neto de Z\u00e9 Pre\u00e1<\/li>\n\n\n\n<li>Patr\u00edcio do Projeto<\/li>\n\n\n\n<li>Ricardo Amando<\/li>\n\n\n\n<li>Tatinha da Sa\u00fade<\/li>\n\n\n\n<li>Thiago Vasconcelos<\/li>\n<\/ul>\n\n\n\n<p><\/p>\n","protected":false},"excerpt":{"rendered":"<p>Uma sess\u00e3o da C\u00e2mara Municipal de Oroc\u00f3, no sert\u00e3o de Pernambuco, terminou em clima de constrangimento e risadas na \u00faltima semana. O vereador Ricardo Amando (MDB) n\u00e3o conseguiu segurar um pum durante a reuni\u00e3o e seus colegas gargalharam. O epis\u00f3dio ocorreu enquanto outro parlamentar discursava. O pum interrompeu a fala e, al\u00e9m do constrangimento, os [&hellip;]<\/p>\n","protected":false},"author":4,"featured_media":5405,"comment_status":"open","ping_status":"open","sticky":false,"template":"","format":"standard","meta":{"jnews-multi-image_gallery":[],"jnews_single_post":{"format":"standard"},"jnews_primary_category":[],"jnews_social_meta":[],"jnews_post_split":[],"footnotes":""},"categories":[1],"tags":[],"class_list":["post-5402","post","type-post","status-publish","format-standard","has-post-thumbnail","hentry","category-uncategorized"],"_links":{"self":[{"href":"https:\/\/diariodepernambuco.audiencelabs.com.br\/wp-json\/wp\/v2\/posts\/5402","targetHints":{"allow":["GET"]}}],"collection":[{"href":"https:\/\/diariodepernambuco.audiencelabs.com.br\/wp-json\/wp\/v2\/posts"}],"about":[{"href":"https:\/\/diariodepernambuco.audiencelabs.com.br\/wp-json\/wp\/v2\/types\/post"}],"author":[{"embeddable":true,"href":"https:\/\/diariodepernambuco.audiencelabs.com.br\/wp-json\/wp\/v2\/users\/4"}],"replies":[{"embeddable":true,"href":"https:\/\/diariodepernambuco.audiencelabs.com.br\/wp-json\/wp\/v2\/comments?post=5402"}],"version-history":[{"count":2,"href":"https:\/\/diariodepernambuco.audiencelabs.com.br\/wp-json\/wp\/v2\/posts\/5402\/revisions"}],"predecessor-version":[{"id":5407,"href":"https:\/\/diariodepernambuco.audiencelabs.com.br\/wp-json\/wp\/v2\/posts\/5402\/revisions\/5407"}],"wp:featuredmedia":[{"embeddable":true,"href":"https:\/\/diariodepernambuco.audiencelabs.com.br\/wp-json\/wp\/v2\/media\/5405"}],"wp:attachment":[{"href":"https:\/\/diariodepernambuco.audiencelabs.com.br\/wp-json\/wp\/v2\/media?parent=5402"}],"wp:term":[{"taxonomy":"category","embeddable":true,"href":"https:\/\/diariodepernambuco.audiencelabs.com.br\/wp-json\/wp\/v2\/categories?post=5402"},{"taxonomy":"post_tag","embeddable":true,"href":"https:\/\/diariodepernambuco.audiencelabs.com.br\/wp-json\/wp\/v2\/tags?post=5402"}],"curies":[{"name":"wp","href":"https:\/\/api.w.org\/{rel}","templated":true}]}}