{"id":5408,"date":"2025-10-03T16:30:00","date_gmt":"2025-10-03T19:30:00","guid":{"rendered":"https:\/\/diariodepernambuco.audiencelabs.com.br\/?p=5408"},"modified":"2025-10-03T13:42:20","modified_gmt":"2025-10-03T16:42:20","slug":"apenas-um-lugar-do-brasil-podera-usar-essa-categoria-do-uber","status":"publish","type":"post","link":"https:\/\/diariodepernambuco.audiencelabs.com.br\/apenas-um-lugar-do-brasil-podera-usar-essa-categoria-do-uber\/","title":{"rendered":"Apenas um lugar do Brasil poder\u00e1 usar essa categoria do Uber"},"content":{"rendered":"\n<p>O Uber Green, modalidade da plataforma de transporte voltada exclusivamente para ve\u00edculos el\u00e9tricos e h\u00edbridos, ter\u00e1 disponibilidade limitada a apenas um local no Brasil: o Rio de Janeiro. Essa novidade promete oferecer uma experi\u00eancia mais sustent\u00e1vel aos usu\u00e1rios, ao mesmo tempo em que incentiva a utiliza\u00e7\u00e3o de carros com menor impacto ambiental.<\/p>\n\n\n\n<p>A iniciativa faz parte de um esfor\u00e7o da Uber para reduzir a emiss\u00e3o de poluentes e apoiar a transi\u00e7\u00e3o para uma mobilidade mais limpa nas grandes cidades. No Rio de Janeiro, os usu\u00e1rios poder\u00e3o solicitar viagens pelo Uber Green diretamente pelo aplicativo, identificando motoristas que utilizam ve\u00edculos el\u00e9tricos ou h\u00edbridos.<\/p>\n\n\n\n<p>Al\u00e9m do benef\u00edcio ambiental, a modalidade oferece tarifas competitivas e a mesma praticidade das corridas tradicionais, tornando-se uma op\u00e7\u00e3o atrativa para quem busca conciliar conforto, economia e sustentabilidade no dia a dia. Em cidades como Londres, Vancouver e Amsterd\u00e3, a ado\u00e7\u00e3o de ve\u00edculos el\u00e9tricos contribuiu para diminuir a polui\u00e7\u00e3o e aumentar o uso de energias renov\u00e1veis no setor.<\/p>\n\n\n\n<p>Al\u00e9m do lan\u00e7amento da nova categoria, a Uber firmou uma parceria com o iFood, oferecendo aos assinantes do Uber One e do Clube iFood a oportunidade de experimentar os servi\u00e7os de ambas as plataformas gratuitamente por tr\u00eas meses. Entre os benef\u00edcios est\u00e3o cupons de desconto, frete gr\u00e1tis em mercados e farm\u00e1cias, al\u00e9m de promo\u00e7\u00f5es exclusivas.<\/p>\n\n\n\n<h2 class=\"wp-block-heading\">Tudo sobre o Uber Green<\/h2>\n\n\n\n<p>\ud83d\ude97 O que \u00e9?<\/p>\n\n\n\n<ul class=\"wp-block-list\">\n<li>\u00c9 uma modalidade do Uber que oferece viagens em ve\u00edculos h\u00edbridos ou totalmente el\u00e9tricos, com o objetivo de promover a mobilidade sustent\u00e1vel e reduzir as emiss\u00f5es de CO\u2082 nas cidades.<\/li>\n<\/ul>\n\n\n\n<p>\ud83c\udf31 Como funciona?<\/p>\n\n\n\n<ul class=\"wp-block-list\">\n<li>Solicita\u00e7\u00e3o: No aplicativo da Uber, insira seu destino e selecione a op\u00e7\u00e3o &#8220;Uber Green&#8221; antes de confirmar a viagem.<\/li>\n\n\n\n<li>Tarifas: As tarifas s\u00e3o semelhantes \u00e0s do UberX, calculadas com base na dist\u00e2ncia percorrida e na demanda.<\/li>\n<\/ul>\n\n\n\n<p>\ud83c\udf0d Benef\u00edcios ambientais<\/p>\n\n\n\n<ul class=\"wp-block-list\">\n<li>Redu\u00e7\u00e3o de emiss\u00f5es: Cada viagem contribui para a diminui\u00e7\u00e3o das emiss\u00f5es de CO\u2082, com a Uber estimando a neutraliza\u00e7\u00e3o de at\u00e9 50% das emiss\u00f5es por viagem.<\/li>\n\n\n\n<li>Compensa\u00e7\u00e3o de carbono: A cada 10 mil viagens, s\u00e3o neutralizadas aproximadamente 12 toneladas de gases de efeito estufa.<\/li>\n<\/ul>\n\n\n\n<p>\ud83d\udc68\u200d\ud83d\udd27 Incentivos para motoristas<\/p>\n\n\n\n<ul class=\"wp-block-list\">\n<li>Benef\u00edcios financeiros: Motoristas parceiros recebem taxas de servi\u00e7o reduzidas e acesso a parcerias com esta\u00e7\u00f5es de recarga el\u00e9trica, al\u00e9m de descontos exclusivos.<\/li>\n\n\n\n<li>Capacita\u00e7\u00e3o: Programas de treinamento sobre manuten\u00e7\u00e3o de ve\u00edculos el\u00e9tricos s\u00e3o oferecidos em colabora\u00e7\u00e3o com montadoras, juntamente com condi\u00e7\u00f5es diferenciadas de financiamento, com at\u00e9 30% menos juros para aquisi\u00e7\u00e3o de carros eletrificados.<\/li>\n<\/ul>\n\n\n\n<p><\/p>\n","protected":false},"excerpt":{"rendered":"<p>O Uber Green, modalidade da plataforma de transporte voltada exclusivamente para ve\u00edculos el\u00e9tricos e h\u00edbridos, ter\u00e1 disponibilidade limitada a apenas um local no Brasil: o Rio de Janeiro. Essa novidade promete oferecer uma experi\u00eancia mais sustent\u00e1vel aos usu\u00e1rios, ao mesmo tempo em que incentiva a utiliza\u00e7\u00e3o de carros com menor impacto ambiental. A iniciativa faz [&hellip;]<\/p>\n","protected":false},"author":4,"featured_media":857,"comment_status":"open","ping_status":"open","sticky":false,"template":"","format":"standard","meta":{"jnews-multi-image_gallery":[],"jnews_single_post":{"format":"standard"},"jnews_primary_category":[],"jnews_social_meta":[],"jnews_post_split":[],"footnotes":""},"categories":[1],"tags":[],"class_list":["post-5408","post","type-post","status-publish","format-standard","has-post-thumbnail","hentry","category-uncategorized"],"_links":{"self":[{"href":"https:\/\/diariodepernambuco.audiencelabs.com.br\/wp-json\/wp\/v2\/posts\/5408","targetHints":{"allow":["GET"]}}],"collection":[{"href":"https:\/\/diariodepernambuco.audiencelabs.com.br\/wp-json\/wp\/v2\/posts"}],"about":[{"href":"https:\/\/diariodepernambuco.audiencelabs.com.br\/wp-json\/wp\/v2\/types\/post"}],"author":[{"embeddable":true,"href":"https:\/\/diariodepernambuco.audiencelabs.com.br\/wp-json\/wp\/v2\/users\/4"}],"replies":[{"embeddable":true,"href":"https:\/\/diariodepernambuco.audiencelabs.com.br\/wp-json\/wp\/v2\/comments?post=5408"}],"version-history":[{"count":2,"href":"https:\/\/diariodepernambuco.audiencelabs.com.br\/wp-json\/wp\/v2\/posts\/5408\/revisions"}],"predecessor-version":[{"id":5411,"href":"https:\/\/diariodepernambuco.audiencelabs.com.br\/wp-json\/wp\/v2\/posts\/5408\/revisions\/5411"}],"wp:featuredmedia":[{"embeddable":true,"href":"https:\/\/diariodepernambuco.audiencelabs.com.br\/wp-json\/wp\/v2\/media\/857"}],"wp:attachment":[{"href":"https:\/\/diariodepernambuco.audiencelabs.com.br\/wp-json\/wp\/v2\/media?parent=5408"}],"wp:term":[{"taxonomy":"category","embeddable":true,"href":"https:\/\/diariodepernambuco.audiencelabs.com.br\/wp-json\/wp\/v2\/categories?post=5408"},{"taxonomy":"post_tag","embeddable":true,"href":"https:\/\/diariodepernambuco.audiencelabs.com.br\/wp-json\/wp\/v2\/tags?post=5408"}],"curies":[{"name":"wp","href":"https:\/\/api.w.org\/{rel}","templated":true}]}}