{"id":5412,"date":"2025-10-03T13:47:44","date_gmt":"2025-10-03T16:47:44","guid":{"rendered":"https:\/\/diariodepernambuco.audiencelabs.com.br\/?p=5412"},"modified":"2025-10-03T13:47:47","modified_gmt":"2025-10-03T16:47:47","slug":"cancelamento-do-bolsa-familia-pode-ser-anunciado-a-qualquer-momento","status":"publish","type":"post","link":"https:\/\/diariodepernambuco.audiencelabs.com.br\/cancelamento-do-bolsa-familia-pode-ser-anunciado-a-qualquer-momento\/","title":{"rendered":"Cancelamento do Bolsa Fam\u00edlia pode ser anunciado a qualquer momento"},"content":{"rendered":"\n<p>O programa Bolsa Fam\u00edlia \u00e9 um dos principais mecanismos de transfer\u00eancia de renda do Brasil, voltado para fam\u00edlias em situa\u00e7\u00e3o de vulnerabilidade social. Apesar de seu impacto positivo na redu\u00e7\u00e3o da pobreza e na promo\u00e7\u00e3o da inclus\u00e3o social, diversos fatores podem levar ao cancelamento do benef\u00edcio. Entender esses motivos \u00e9 fundamental para esclarecer os direitos e deveres dos benefici\u00e1rios.<\/p>\n\n\n\n<p>Entre os principais motivos que podem resultar no cancelamento do Bolsa Fam\u00edlia est\u00e3o a n\u00e3o atualiza\u00e7\u00e3o cadastral e o descumprimento de compromissos estabelecidos pelo programa. As fam\u00edlias benefici\u00e1rias devem manter seus dados pessoais e socioecon\u00f4micos sempre atualizados junto ao Cadastro \u00danico, incluindo mudan\u00e7as de endere\u00e7o, composi\u00e7\u00e3o familiar ou renda.<\/p>\n\n\n\n<p>Al\u00e9m disso, o programa exige que crian\u00e7as e adolescentes estejam regularmente matriculados e frequentando a escola, e que todos os integrantes cumpram o calend\u00e1rio de vacina\u00e7\u00e3o. O n\u00e3o cumprimento dessas obriga\u00e7\u00f5es pode levar \u00e0 suspens\u00e3o tempor\u00e1ria ou definitiva do benef\u00edcio.<\/p>\n\n\n\n<p>Outro fator importante \u00e9 o aumento da renda familiar acima do limite estabelecido pelo programa. Caso a renda mensal por pessoa ultrapasse o teto definido pelo governo, a fam\u00edlia deixa de se enquadrar nos crit\u00e9rios de elegibilidade, resultando no cancelamento do Bolsa Fam\u00edlia.<\/p>\n\n\n\n<p>Tamb\u00e9m h\u00e1 situa\u00e7\u00f5es de irregularidades, como fraudes ou inconsist\u00eancias nos dados fornecidos, que s\u00e3o identificadas durante fiscaliza\u00e7\u00f5es e auditorias, podendo levar \u00e0 perda do benef\u00edcio. Compreender esses fatores \u00e9 essencial n\u00e3o apenas para evitar cancelamentos, mas tamb\u00e9m para garantir que o Bolsa Fam\u00edlia continue cumprindo seu papel de apoiar as fam\u00edlias mais vulner\u00e1veis.<\/p>\n\n\n\n<h2 class=\"wp-block-heading\">N\u00fameros do Bolsa Fam\u00edlia em 2025<\/h2>\n\n\n\n<p>Em julho, o n\u00famero de fam\u00edlias benefici\u00e1rias foi de aproximadamente 19,6 milh\u00f5es, o que representa uma redu\u00e7\u00e3o em rela\u00e7\u00e3o aos 21,1 milh\u00f5es registrados no in\u00edcio do ano. Esse n\u00famero caiu para cerca de 19,19 milh\u00f5es em agosto.<\/p>\n\n\n\n<p>O total de pessoas atendidas pelo programa tamb\u00e9m apresentou queda. Em julho, eram aproximadamente 51,2 milh\u00f5es de pessoas, e em agosto, cerca de 50,1 milh\u00f5es. A diminui\u00e7\u00e3o no n\u00famero de benefici\u00e1rios reflete tanto a redu\u00e7\u00e3o no n\u00famero de fam\u00edlias atendidas quanto a diminui\u00e7\u00e3o no n\u00famero de pessoas por fam\u00edlia.<\/p>\n","protected":false},"excerpt":{"rendered":"<p>O programa Bolsa Fam\u00edlia \u00e9 um dos principais mecanismos de transfer\u00eancia de renda do Brasil, voltado para fam\u00edlias em situa\u00e7\u00e3o de vulnerabilidade social. Apesar de seu impacto positivo na redu\u00e7\u00e3o da pobreza e na promo\u00e7\u00e3o da inclus\u00e3o social, diversos fatores podem levar ao cancelamento do benef\u00edcio. Entender esses motivos \u00e9 fundamental para esclarecer os direitos [&hellip;]<\/p>\n","protected":false},"author":4,"featured_media":1522,"comment_status":"open","ping_status":"open","sticky":false,"template":"","format":"standard","meta":{"jnews-multi-image_gallery":[],"jnews_single_post":{"format":"standard"},"jnews_primary_category":[],"jnews_social_meta":[],"jnews_post_split":[],"footnotes":""},"categories":[1],"tags":[],"class_list":["post-5412","post","type-post","status-publish","format-standard","has-post-thumbnail","hentry","category-uncategorized"],"_links":{"self":[{"href":"https:\/\/diariodepernambuco.audiencelabs.com.br\/wp-json\/wp\/v2\/posts\/5412","targetHints":{"allow":["GET"]}}],"collection":[{"href":"https:\/\/diariodepernambuco.audiencelabs.com.br\/wp-json\/wp\/v2\/posts"}],"about":[{"href":"https:\/\/diariodepernambuco.audiencelabs.com.br\/wp-json\/wp\/v2\/types\/post"}],"author":[{"embeddable":true,"href":"https:\/\/diariodepernambuco.audiencelabs.com.br\/wp-json\/wp\/v2\/users\/4"}],"replies":[{"embeddable":true,"href":"https:\/\/diariodepernambuco.audiencelabs.com.br\/wp-json\/wp\/v2\/comments?post=5412"}],"version-history":[{"count":1,"href":"https:\/\/diariodepernambuco.audiencelabs.com.br\/wp-json\/wp\/v2\/posts\/5412\/revisions"}],"predecessor-version":[{"id":5413,"href":"https:\/\/diariodepernambuco.audiencelabs.com.br\/wp-json\/wp\/v2\/posts\/5412\/revisions\/5413"}],"wp:featuredmedia":[{"embeddable":true,"href":"https:\/\/diariodepernambuco.audiencelabs.com.br\/wp-json\/wp\/v2\/media\/1522"}],"wp:attachment":[{"href":"https:\/\/diariodepernambuco.audiencelabs.com.br\/wp-json\/wp\/v2\/media?parent=5412"}],"wp:term":[{"taxonomy":"category","embeddable":true,"href":"https:\/\/diariodepernambuco.audiencelabs.com.br\/wp-json\/wp\/v2\/categories?post=5412"},{"taxonomy":"post_tag","embeddable":true,"href":"https:\/\/diariodepernambuco.audiencelabs.com.br\/wp-json\/wp\/v2\/tags?post=5412"}],"curies":[{"name":"wp","href":"https:\/\/api.w.org\/{rel}","templated":true}]}}