{"id":5422,"date":"2025-10-03T18:11:33","date_gmt":"2025-10-03T21:11:33","guid":{"rendered":"https:\/\/diariodepernambuco.audiencelabs.com.br\/?p=5422"},"modified":"2025-10-03T18:11:36","modified_gmt":"2025-10-03T21:11:36","slug":"atencao-acesso-ao-whatsapp-cancelado-em-outubro","status":"publish","type":"post","link":"https:\/\/diariodepernambuco.audiencelabs.com.br\/atencao-acesso-ao-whatsapp-cancelado-em-outubro\/","title":{"rendered":"Aten\u00e7\u00e3o! Acesso ao WhatsApp cancelado em outubro"},"content":{"rendered":"\n<p>A partir de outubro, muitos usu\u00e1rios podem se deparar com uma surpresa nada agrad\u00e1vel: o acesso ao WhatsApp ser\u00e1 cancelado em celulares mais antigos. A medida faz parte da atualiza\u00e7\u00e3o peri\u00f3dica da plataforma, que encerra o suporte a sistemas operacionais obsoletos para garantir maior seguran\u00e7a, estabilidade e acesso a novos recursos.<\/p>\n\n\n\n<p>Isso significa que aparelhos que n\u00e3o atendem mais aos requisitos m\u00ednimos deixar\u00e3o de rodar o aplicativo, obrigando seus donos a buscarem alternativas para continuar conectados. Entre os modelos afetados est\u00e3o smartphones que utilizam vers\u00f5es antigas do Android e do iOS, que j\u00e1 n\u00e3o recebem mais atualiza\u00e7\u00f5es de seguran\u00e7a dos pr\u00f3prios fabricantes.<\/p>\n\n\n\n<p>Nesses casos, o WhatsApp passa a considerar que o uso do aplicativo pode oferecer riscos \u00e0 privacidade dos usu\u00e1rios, j\u00e1 que sistemas ultrapassados ficam mais vulner\u00e1veis a ataques e falhas. Para quem ainda utiliza esses aparelhos, a \u00fanica forma de manter o acesso ao WhatsApp ser\u00e1 atualizar o sistema operacional, quando poss\u00edvel, ou migrar para um celular mais recente.<\/p>\n\n\n\n<p>A recomenda\u00e7\u00e3o da plataforma \u00e9 que os usu\u00e1rios fa\u00e7am backup das conversas e arquivos antes da data limite, garantindo que nenhuma informa\u00e7\u00e3o importante seja perdida no processo de troca. Segundo o WhatsApp, a cada ano \u00e9 realizada uma avalia\u00e7\u00e3o para identificar quais aparelhos e vers\u00f5es de sistemas operacionais j\u00e1 deixaram de ter relev\u00e2ncia no mercado.<\/p>\n\n\n\n<h2 class=\"wp-block-heading\">Lista de modelos que perder\u00e3o acesso ao WhatsApp<\/h2>\n\n\n\n<p><strong>Android:<\/strong><\/p>\n\n\n\n<ul class=\"wp-block-list\">\n<li>Samsung Galaxy S5<\/li>\n\n\n\n<li>LG G3<\/li>\n\n\n\n<li>Sony Xperia Z2<\/li>\n\n\n\n<li>Motorola Moto G (1\u00aa gera\u00e7\u00e3o)<\/li>\n\n\n\n<li>Huawei Ascend Mate 2<\/li>\n\n\n\n<li>HTC One M8<\/li>\n<\/ul>\n\n\n\n<p><strong>iPhone<\/strong><\/p>\n\n\n\n<ul class=\"wp-block-list\">\n<li>iPhone 5<\/li>\n\n\n\n<li>iPhone 5c<\/li>\n\n\n\n<li>iPhone 6 (caso n\u00e3o tenha atualiza\u00e7\u00e3o al\u00e9m do iOS 12)<\/li>\n<\/ul>\n\n\n\n<p><\/p>\n","protected":false},"excerpt":{"rendered":"<p>A partir de outubro, muitos usu\u00e1rios podem se deparar com uma surpresa nada agrad\u00e1vel: o acesso ao WhatsApp ser\u00e1 cancelado em celulares mais antigos. A medida faz parte da atualiza\u00e7\u00e3o peri\u00f3dica da plataforma, que encerra o suporte a sistemas operacionais obsoletos para garantir maior seguran\u00e7a, estabilidade e acesso a novos recursos. Isso significa que aparelhos [&hellip;]<\/p>\n","protected":false},"author":4,"featured_media":756,"comment_status":"open","ping_status":"open","sticky":false,"template":"","format":"standard","meta":{"jnews-multi-image_gallery":[],"jnews_single_post":{"format":"standard"},"jnews_primary_category":[],"jnews_social_meta":[],"jnews_post_split":[],"footnotes":""},"categories":[1],"tags":[],"class_list":["post-5422","post","type-post","status-publish","format-standard","has-post-thumbnail","hentry","category-uncategorized"],"_links":{"self":[{"href":"https:\/\/diariodepernambuco.audiencelabs.com.br\/wp-json\/wp\/v2\/posts\/5422","targetHints":{"allow":["GET"]}}],"collection":[{"href":"https:\/\/diariodepernambuco.audiencelabs.com.br\/wp-json\/wp\/v2\/posts"}],"about":[{"href":"https:\/\/diariodepernambuco.audiencelabs.com.br\/wp-json\/wp\/v2\/types\/post"}],"author":[{"embeddable":true,"href":"https:\/\/diariodepernambuco.audiencelabs.com.br\/wp-json\/wp\/v2\/users\/4"}],"replies":[{"embeddable":true,"href":"https:\/\/diariodepernambuco.audiencelabs.com.br\/wp-json\/wp\/v2\/comments?post=5422"}],"version-history":[{"count":1,"href":"https:\/\/diariodepernambuco.audiencelabs.com.br\/wp-json\/wp\/v2\/posts\/5422\/revisions"}],"predecessor-version":[{"id":5428,"href":"https:\/\/diariodepernambuco.audiencelabs.com.br\/wp-json\/wp\/v2\/posts\/5422\/revisions\/5428"}],"wp:featuredmedia":[{"embeddable":true,"href":"https:\/\/diariodepernambuco.audiencelabs.com.br\/wp-json\/wp\/v2\/media\/756"}],"wp:attachment":[{"href":"https:\/\/diariodepernambuco.audiencelabs.com.br\/wp-json\/wp\/v2\/media?parent=5422"}],"wp:term":[{"taxonomy":"category","embeddable":true,"href":"https:\/\/diariodepernambuco.audiencelabs.com.br\/wp-json\/wp\/v2\/categories?post=5422"},{"taxonomy":"post_tag","embeddable":true,"href":"https:\/\/diariodepernambuco.audiencelabs.com.br\/wp-json\/wp\/v2\/tags?post=5422"}],"curies":[{"name":"wp","href":"https:\/\/api.w.org\/{rel}","templated":true}]}}