{"id":5436,"date":"2025-10-05T08:22:00","date_gmt":"2025-10-05T11:22:00","guid":{"rendered":"https:\/\/diariodepernambuco.audiencelabs.com.br\/?p=5436"},"modified":"2025-10-03T19:23:07","modified_gmt":"2025-10-03T22:23:07","slug":"feriado-mais-esperado-de-outubro-vai-ser-desperdicado-no-brasil","status":"publish","type":"post","link":"https:\/\/diariodepernambuco.audiencelabs.com.br\/feriado-mais-esperado-de-outubro-vai-ser-desperdicado-no-brasil\/","title":{"rendered":"Feriado mais esperado de outubro vai ser desperdi\u00e7ado no Brasil"},"content":{"rendered":"\n<p>O feriado de 12 de outubro, conhecido por ser um dos mais aguardados do calend\u00e1rio brasileiro, promete decepcionar em 2025. Isso porque a data, que celebra o Dia de Nossa Senhora Aparecida e tamb\u00e9m o Dia das Crian\u00e7as, cair\u00e1 em um domingo, eliminando a chance de prolongar o descanso com um feriado prolongado.<\/p>\n\n\n\n<p>A coincid\u00eancia frustra trabalhadores e estudantes que esperavam aproveitar a ocasi\u00e3o para emendar dias de folga. Al\u00e9m da frustra\u00e7\u00e3o com a data, o impacto tamb\u00e9m se estende a setores como o turismo e o com\u00e9rcio, que costumam se beneficiar do aumento no movimento durante os feriados prolongados.<\/p>\n\n\n\n<p>Hot\u00e9is, restaurantes e destinos tur\u00edsticos deixam de registrar o tradicional crescimento nas reservas, enquanto o varejo perde uma oportunidade de vendas extras. Ainda assim, a data mant\u00e9m seu peso cultural e religioso, com celebra\u00e7\u00f5es em todo o pa\u00eds, especialmente em Aparecida (SP), que deve receber milhares de fi\u00e9is em homenagem \u00e0 padroeira do Brasil.<\/p>\n\n\n\n<p>Mesmo sem o benef\u00edcio de um dia \u00fatil a menos de trabalho, muitas fam\u00edlias devem aproveitar o domingo para comemorar o Dia das Crian\u00e7as com passeios, presentes e atividades em casa. Para o setor de brinquedos, por exemplo, a data continua sendo a mais importante do ano, movimentando o com\u00e9rcio e aquecendo as vendas no varejo f\u00edsico e online.<\/p>\n\n\n\n<h2 class=\"wp-block-heading\">Ao contr\u00e1rio deste ano, 2026 trar\u00e1 muitos feriados prolongados<\/h2>\n\n\n\n<p>Ao contr\u00e1rio do que aconteceu em 2025, quando datas importantes como o 12 de outubro caem em finais de semana e reduzem as chances de descanso extra, o calend\u00e1rio de 2026 ser\u00e1 bem mais generoso com trabalhadores e estudantes. Diversos feriados nacionais cair\u00e3o em ter\u00e7as, quintas ou sextas-feiras, criando a oportunidade de emendar dias e garantir os t\u00e3o desejados feriad\u00f5es.<\/p>\n\n\n\n<p>Essa configura\u00e7\u00e3o deve beneficiar especialmente quem gosta de viajar ou aproveitar per\u00edodos de lazer prolongados ao longo do ano. A previs\u00e3o \u00e9 de que o turismo, o com\u00e9rcio e o setor de servi\u00e7os sejam diretamente impulsionados pelos feriados prolongados em 2026.<\/p>\n","protected":false},"excerpt":{"rendered":"<p>O feriado de 12 de outubro, conhecido por ser um dos mais aguardados do calend\u00e1rio brasileiro, promete decepcionar em 2025. Isso porque a data, que celebra o Dia de Nossa Senhora Aparecida e tamb\u00e9m o Dia das Crian\u00e7as, cair\u00e1 em um domingo, eliminando a chance de prolongar o descanso com um feriado prolongado. A coincid\u00eancia [&hellip;]<\/p>\n","protected":false},"author":4,"featured_media":5069,"comment_status":"open","ping_status":"open","sticky":false,"template":"","format":"standard","meta":{"jnews-multi-image_gallery":[],"jnews_single_post":{"format":"standard"},"jnews_primary_category":[],"jnews_social_meta":[],"jnews_post_split":[],"footnotes":""},"categories":[1],"tags":[],"class_list":["post-5436","post","type-post","status-publish","format-standard","has-post-thumbnail","hentry","category-uncategorized"],"_links":{"self":[{"href":"https:\/\/diariodepernambuco.audiencelabs.com.br\/wp-json\/wp\/v2\/posts\/5436","targetHints":{"allow":["GET"]}}],"collection":[{"href":"https:\/\/diariodepernambuco.audiencelabs.com.br\/wp-json\/wp\/v2\/posts"}],"about":[{"href":"https:\/\/diariodepernambuco.audiencelabs.com.br\/wp-json\/wp\/v2\/types\/post"}],"author":[{"embeddable":true,"href":"https:\/\/diariodepernambuco.audiencelabs.com.br\/wp-json\/wp\/v2\/users\/4"}],"replies":[{"embeddable":true,"href":"https:\/\/diariodepernambuco.audiencelabs.com.br\/wp-json\/wp\/v2\/comments?post=5436"}],"version-history":[{"count":2,"href":"https:\/\/diariodepernambuco.audiencelabs.com.br\/wp-json\/wp\/v2\/posts\/5436\/revisions"}],"predecessor-version":[{"id":5438,"href":"https:\/\/diariodepernambuco.audiencelabs.com.br\/wp-json\/wp\/v2\/posts\/5436\/revisions\/5438"}],"wp:featuredmedia":[{"embeddable":true,"href":"https:\/\/diariodepernambuco.audiencelabs.com.br\/wp-json\/wp\/v2\/media\/5069"}],"wp:attachment":[{"href":"https:\/\/diariodepernambuco.audiencelabs.com.br\/wp-json\/wp\/v2\/media?parent=5436"}],"wp:term":[{"taxonomy":"category","embeddable":true,"href":"https:\/\/diariodepernambuco.audiencelabs.com.br\/wp-json\/wp\/v2\/categories?post=5436"},{"taxonomy":"post_tag","embeddable":true,"href":"https:\/\/diariodepernambuco.audiencelabs.com.br\/wp-json\/wp\/v2\/tags?post=5436"}],"curies":[{"name":"wp","href":"https:\/\/api.w.org\/{rel}","templated":true}]}}