{"id":5439,"date":"2025-10-05T17:15:00","date_gmt":"2025-10-05T20:15:00","guid":{"rendered":"https:\/\/diariodepernambuco.audiencelabs.com.br\/?p=5439"},"modified":"2025-10-06T00:16:29","modified_gmt":"2025-10-06T03:16:29","slug":"ingredientes-de-facil-acesso-acabam-imediatamente-com-as-rugas","status":"publish","type":"post","link":"https:\/\/diariodepernambuco.audiencelabs.com.br\/ingredientes-de-facil-acesso-acabam-imediatamente-com-as-rugas\/","title":{"rendered":"Ingredientes de f\u00e1cil acesso acabam imediatamente com as rugas"},"content":{"rendered":"\n<p>Muitas pessoas buscam solu\u00e7\u00f5es pr\u00e1ticas e acess\u00edveis para reduzir os sinais de envelhecimento da pele, e nem sempre \u00e9 necess\u00e1rio recorrer a tratamentos caros ou procedimentos est\u00e9ticos. Curiosamente, alguns ingredientes comuns do dia a dia podem ajudar a suavizar linhas finas e rugas, oferecendo resultados vis\u00edveis de forma natural e econ\u00f4mica.<\/p>\n\n\n\n<p>Entre os ingredientes mais eficazes est\u00e3o alimentos e produtos ricos em antioxidantes, vitaminas e minerais que promovem a regenera\u00e7\u00e3o da pele. Por exemplo, o \u00f3leo de coco, facilmente encontrado em supermercados, hidrata profundamente e ajuda a melhorar a elasticidade da pele; j\u00e1 o azeite de oliva cont\u00e9m compostos que combatem os radicais livres, respons\u00e1veis pelo envelhecimento precoce.<\/p>\n\n\n\n<p>Al\u00e9m disso, frutas como mam\u00e3o, morango e abacate possuem vitaminas A, C e E, que estimulam a produ\u00e7\u00e3o de col\u00e1geno, mantendo a pele firme e luminosa. Incorporar esses ingredientes \u00e0 rotina di\u00e1ria pode ser simples: eles podem ser usados tanto na alimenta\u00e7\u00e3o quanto em m\u00e1scaras caseiras aplicadas diretamente na pele.<\/p>\n\n\n\n<p>A combina\u00e7\u00e3o de nutri\u00e7\u00e3o adequada, hidrata\u00e7\u00e3o constante e cuidados t\u00f3picos garante que os efeitos sejam potencializados, ajudando a prevenir e reduzir rugas de forma natural. Assim, com pequenas mudan\u00e7as no dia a dia e o uso consciente desses recursos, \u00e9 poss\u00edvel alcan\u00e7ar resultados vis\u00edveis sem precisar investir em procedimentos complexos ou caros.<\/p>\n\n\n\n<h2 class=\"wp-block-heading\">O que causa o surgimento das rugas?<\/h2>\n\n\n\n<p>O surgimento das rugas \u00e9 resultado de uma combina\u00e7\u00e3o de fatores naturais do envelhecimento e de influ\u00eancias externas. Entre os principais est\u00e3o:<\/p>\n\n\n\n<ul class=\"wp-block-list\">\n<li>Envelhecimento natural da pele: Com o tempo, a produ\u00e7\u00e3o de col\u00e1geno e elastina \u2014 prote\u00ednas que conferem firmeza e elasticidade \u00e0 pele \u2014 diminui, tornando a pele mais fina e fl\u00e1cida.<\/li>\n<\/ul>\n\n\n\n<ul class=\"wp-block-list\">\n<li>Exposi\u00e7\u00e3o ao sol: A radia\u00e7\u00e3o ultravioleta (UV) danifica as fibras de col\u00e1geno e elastina, acelerando o envelhecimento e provocando rugas, principalmente em \u00e1reas como rosto, pesco\u00e7o e m\u00e3os.<\/li>\n<\/ul>\n\n\n\n<ul class=\"wp-block-list\">\n<li>Movimentos repetitivos: Express\u00f5es faciais constantes, como sorrir, franzir a testa ou apertar os olhos, contribuem para o surgimento de linhas de express\u00e3o que, com o tempo, se tornam rugas permanentes.<\/li>\n<\/ul>\n\n\n\n<ul class=\"wp-block-list\">\n<li>Perda de gordura e hidrata\u00e7\u00e3o: A redu\u00e7\u00e3o da camada de gordura sob a pele e a desidrata\u00e7\u00e3o natural tornam a pele mais fina e propensa a marcas e sulcos.<\/li>\n<\/ul>\n\n\n\n<ul class=\"wp-block-list\">\n<li>Fatores gen\u00e9ticos: A predisposi\u00e7\u00e3o ao envelhecimento precoce e \u00e0 forma\u00e7\u00e3o de rugas pode ser herdada, influenciando a rapidez e a intensidade do surgimento das linhas.<\/li>\n<\/ul>\n\n\n\n<ul class=\"wp-block-list\">\n<li>H\u00e1bitos de vida: Tabagismo, consumo excessivo de \u00e1lcool, m\u00e1 alimenta\u00e7\u00e3o, estresse e falta de sono aceleram o envelhecimento cut\u00e2neo, contribuindo para o aparecimento de rugas.<\/li>\n<\/ul>\n\n\n\n<p><\/p>\n","protected":false},"excerpt":{"rendered":"<p>Muitas pessoas buscam solu\u00e7\u00f5es pr\u00e1ticas e acess\u00edveis para reduzir os sinais de envelhecimento da pele, e nem sempre \u00e9 necess\u00e1rio recorrer a tratamentos caros ou procedimentos est\u00e9ticos. Curiosamente, alguns ingredientes comuns do dia a dia podem ajudar a suavizar linhas finas e rugas, oferecendo resultados vis\u00edveis de forma natural e econ\u00f4mica. Entre os ingredientes mais [&hellip;]<\/p>\n","protected":false},"author":4,"featured_media":5441,"comment_status":"open","ping_status":"open","sticky":false,"template":"","format":"standard","meta":{"jnews-multi-image_gallery":[],"jnews_single_post":{"format":"standard"},"jnews_primary_category":[],"jnews_social_meta":[],"jnews_post_split":[],"footnotes":""},"categories":[1],"tags":[],"class_list":["post-5439","post","type-post","status-publish","format-standard","has-post-thumbnail","hentry","category-uncategorized"],"_links":{"self":[{"href":"https:\/\/diariodepernambuco.audiencelabs.com.br\/wp-json\/wp\/v2\/posts\/5439","targetHints":{"allow":["GET"]}}],"collection":[{"href":"https:\/\/diariodepernambuco.audiencelabs.com.br\/wp-json\/wp\/v2\/posts"}],"about":[{"href":"https:\/\/diariodepernambuco.audiencelabs.com.br\/wp-json\/wp\/v2\/types\/post"}],"author":[{"embeddable":true,"href":"https:\/\/diariodepernambuco.audiencelabs.com.br\/wp-json\/wp\/v2\/users\/4"}],"replies":[{"embeddable":true,"href":"https:\/\/diariodepernambuco.audiencelabs.com.br\/wp-json\/wp\/v2\/comments?post=5439"}],"version-history":[{"count":2,"href":"https:\/\/diariodepernambuco.audiencelabs.com.br\/wp-json\/wp\/v2\/posts\/5439\/revisions"}],"predecessor-version":[{"id":5442,"href":"https:\/\/diariodepernambuco.audiencelabs.com.br\/wp-json\/wp\/v2\/posts\/5439\/revisions\/5442"}],"wp:featuredmedia":[{"embeddable":true,"href":"https:\/\/diariodepernambuco.audiencelabs.com.br\/wp-json\/wp\/v2\/media\/5441"}],"wp:attachment":[{"href":"https:\/\/diariodepernambuco.audiencelabs.com.br\/wp-json\/wp\/v2\/media?parent=5439"}],"wp:term":[{"taxonomy":"category","embeddable":true,"href":"https:\/\/diariodepernambuco.audiencelabs.com.br\/wp-json\/wp\/v2\/categories?post=5439"},{"taxonomy":"post_tag","embeddable":true,"href":"https:\/\/diariodepernambuco.audiencelabs.com.br\/wp-json\/wp\/v2\/tags?post=5439"}],"curies":[{"name":"wp","href":"https:\/\/api.w.org\/{rel}","templated":true}]}}