{"id":5443,"date":"2025-10-05T13:15:00","date_gmt":"2025-10-05T16:15:00","guid":{"rendered":"https:\/\/diariodepernambuco.audiencelabs.com.br\/?p=5443"},"modified":"2025-10-03T19:56:32","modified_gmt":"2025-10-03T22:56:32","slug":"encerramento-imediato-foi-solicitado-na-netflix","status":"publish","type":"post","link":"https:\/\/diariodepernambuco.audiencelabs.com.br\/encerramento-imediato-foi-solicitado-na-netflix\/","title":{"rendered":"Encerramento imediato foi solicitado na Netflix"},"content":{"rendered":"\n<p>\u00c9 prov\u00e1vel que voc\u00ea j\u00e1 tenha visto grupos defendendo o boicote \u00e0 Netflix. Assim como outras emissoras e est\u00fadios, o servi\u00e7o de streaming j\u00e1 enfrentou esse tipo de protesto em diversas ocasi\u00f5es, motivado por diferentes raz\u00f5es. Um dos boicotes mais recentes chamou aten\u00e7\u00e3o ao receber o apoio do bilion\u00e1rio Elon Musk.<\/p>\n\n\n\n<p>O propriet\u00e1rio da Tesla anunciou no X (antigo Twitter) que havia cancelado sua assinatura da Netflix, dando in\u00edcio a uma campanha \u201canti-Netflix\u201d. Segundo Musk, um dos motivos seria a s\u00e9rie animada Guardi\u00f5es da Mans\u00e3o do Terror, protagonizada por um adolescente transg\u00eanero. Lan\u00e7ada em 2022, a anima\u00e7\u00e3o foi encerrada ap\u00f3s a segunda temporada, tamb\u00e9m lan\u00e7ada no mesmo ano.<\/p>\n\n\n\n<p>Conhecido por suas posi\u00e7\u00f5es contr\u00e1rias a direitos de pessoas trans, Musk afirmou que a s\u00e9rie e a Netflix estariam tentando \u201cconverter\u201d crian\u00e7as para a ideologia \u201cwoke\u201d. De acordo com a Revista Oeste, na \u00faltima quarta-feira (1\u00ba), as a\u00e7\u00f5es da plataforma registraram queda de 2%.<\/p>\n\n\n\n<p>No entanto, esse n\u00e3o \u00e9 o \u00fanico motivo \u2014 afinal, a s\u00e9rie foi lan\u00e7ada h\u00e1 tr\u00eas anos, ent\u00e3o por que o boicote surge apenas agora? Outro fator envolve o criador da produ\u00e7\u00e3o, Hamish Steele, que teria publicado nas redes sociais uma cr\u00edtica ao primeiro-ministro brit\u00e2nico, reagindo a um tweet no qual ele lamentava o assassinato do ativista de extrema direita Charlie Kirk, a quem Steele chamou de \u201cnazista\u201d.<\/p>\n\n\n\n<p>Steele se pronunciou nas redes, afirmando que seu perfil no Instagram est\u00e1 \u201cinundado\u201d de coment\u00e1rios com a frase \u201cEu sou Charlie Kirk\u201d e que muitas pessoas o acusam de ter comemorado a morte do ativista, o que ele nega veementemente.<\/p>\n\n\n\n<p><\/p>\n","protected":false},"excerpt":{"rendered":"<p>\u00c9 prov\u00e1vel que voc\u00ea j\u00e1 tenha visto grupos defendendo o boicote \u00e0 Netflix. Assim como outras emissoras e est\u00fadios, o servi\u00e7o de streaming j\u00e1 enfrentou esse tipo de protesto em diversas ocasi\u00f5es, motivado por diferentes raz\u00f5es. Um dos boicotes mais recentes chamou aten\u00e7\u00e3o ao receber o apoio do bilion\u00e1rio Elon Musk. O propriet\u00e1rio da Tesla [&hellip;]<\/p>\n","protected":false},"author":4,"featured_media":825,"comment_status":"open","ping_status":"open","sticky":false,"template":"","format":"standard","meta":{"jnews-multi-image_gallery":[],"jnews_single_post":{"format":"standard"},"jnews_primary_category":[],"jnews_social_meta":[],"jnews_post_split":[],"footnotes":""},"categories":[1],"tags":[],"class_list":["post-5443","post","type-post","status-publish","format-standard","has-post-thumbnail","hentry","category-uncategorized"],"_links":{"self":[{"href":"https:\/\/diariodepernambuco.audiencelabs.com.br\/wp-json\/wp\/v2\/posts\/5443","targetHints":{"allow":["GET"]}}],"collection":[{"href":"https:\/\/diariodepernambuco.audiencelabs.com.br\/wp-json\/wp\/v2\/posts"}],"about":[{"href":"https:\/\/diariodepernambuco.audiencelabs.com.br\/wp-json\/wp\/v2\/types\/post"}],"author":[{"embeddable":true,"href":"https:\/\/diariodepernambuco.audiencelabs.com.br\/wp-json\/wp\/v2\/users\/4"}],"replies":[{"embeddable":true,"href":"https:\/\/diariodepernambuco.audiencelabs.com.br\/wp-json\/wp\/v2\/comments?post=5443"}],"version-history":[{"count":2,"href":"https:\/\/diariodepernambuco.audiencelabs.com.br\/wp-json\/wp\/v2\/posts\/5443\/revisions"}],"predecessor-version":[{"id":5445,"href":"https:\/\/diariodepernambuco.audiencelabs.com.br\/wp-json\/wp\/v2\/posts\/5443\/revisions\/5445"}],"wp:featuredmedia":[{"embeddable":true,"href":"https:\/\/diariodepernambuco.audiencelabs.com.br\/wp-json\/wp\/v2\/media\/825"}],"wp:attachment":[{"href":"https:\/\/diariodepernambuco.audiencelabs.com.br\/wp-json\/wp\/v2\/media?parent=5443"}],"wp:term":[{"taxonomy":"category","embeddable":true,"href":"https:\/\/diariodepernambuco.audiencelabs.com.br\/wp-json\/wp\/v2\/categories?post=5443"},{"taxonomy":"post_tag","embeddable":true,"href":"https:\/\/diariodepernambuco.audiencelabs.com.br\/wp-json\/wp\/v2\/tags?post=5443"}],"curies":[{"name":"wp","href":"https:\/\/api.w.org\/{rel}","templated":true}]}}