{"id":5446,"date":"2025-10-05T12:01:00","date_gmt":"2025-10-05T15:01:00","guid":{"rendered":"https:\/\/diariodepernambuco.audiencelabs.com.br\/?p=5446"},"modified":"2025-10-03T20:05:39","modified_gmt":"2025-10-03T23:05:39","slug":"governo-anuncia-super-bomba-para-maes-que-recebem-bolsa-familia","status":"publish","type":"post","link":"https:\/\/diariodepernambuco.audiencelabs.com.br\/governo-anuncia-super-bomba-para-maes-que-recebem-bolsa-familia\/","title":{"rendered":"Governo anuncia super bomba sobre m\u00e3es que recebem Bolsa Fam\u00edlia"},"content":{"rendered":"\n<p>As m\u00e3es benefici\u00e1rias do Programa Bolsa Fam\u00edlia v\u00eam ampliando sua presen\u00e7a no mercado de trabalho formal. De acordo com estudo do Minist\u00e9rio do Desenvolvimento e Assist\u00eancia Social (MDS), o \u00edndice de empregos formais entre essas mulheres apresentou um crescimento de 7,4% em rela\u00e7\u00e3o ao per\u00edodo anterior ao recebimento do benef\u00edcio.<\/p>\n\n\n\n<p>O levantamento, divulgado na 40\u00aa edi\u00e7\u00e3o dos Cadernos de Estudos do MDS, aponta que os impactos s\u00e3o mais expressivos entre m\u00e3es de crian\u00e7as de 3 a 6 anos, faixa et\u00e1ria em que a cobertura da educa\u00e7\u00e3o p\u00fablica ainda n\u00e3o \u00e9 totalmente universal.<\/p>\n\n\n\n<p>O estudo evidencia que o Bolsa Fam\u00edlia vai al\u00e9m de garantir alimenta\u00e7\u00e3o, contribuindo tamb\u00e9m para diminuir obst\u00e1culos \u00e0 entrada das mulheres no mercado de trabalho. Entre as benefici\u00e1rias, a probabilidade de se declararem indispon\u00edveis para aceitar um emprego caiu 4,2 pontos percentuais.<\/p>\n\n\n\n<p>Embora cerca de um ter\u00e7o das mulheres no pa\u00eds afirme n\u00e3o poder trabalhar devido \u00e0s responsabilidades dom\u00e9sticas, esse percentual \u00e9 significativamente menor entre as participantes do programa: &#8220;Essas mulheres demonstram desejo de romper vulnerabilidades e encontrar caminhos no mercado de trabalho&#8221;, afirmou Eliane Aquino, secret\u00e1ria nacional de Renda de Cidadania do MDS.<\/p>\n\n\n\n<h2 class=\"wp-block-heading\">Quem tem direito ao Bolsa Fam\u00edlia?<\/h2>\n\n\n\n<p>O Bolsa Fam\u00edlia, programa de transfer\u00eancia de renda do governo federal, \u00e9 destinado a fam\u00edlias em situa\u00e7\u00e3o de vulnerabilidade social e econ\u00f4mica. Para ter direito ao benef\u00edcio, os crit\u00e9rios principais s\u00e3o:<\/p>\n\n\n\n<p><strong>Renda familiar:<\/strong><\/p>\n\n\n\n<ul class=\"wp-block-list\">\n<li>Fam\u00edlias em situa\u00e7\u00e3o de pobreza, com renda mensal de at\u00e9 R$ 600 por pessoa (valor pode variar conforme atualiza\u00e7\u00f5es do governo).<\/li>\n\n\n\n<li>Fam\u00edlias em situa\u00e7\u00e3o de extrema pobreza, com renda mensal de at\u00e9 R$ 300 por pessoa, t\u00eam prioridade de inclus\u00e3o.<\/li>\n<\/ul>\n\n\n\n<p><strong>Cadastro no Cadastro \u00danico:<\/strong><\/p>\n\n\n\n<ul class=\"wp-block-list\">\n<li>\u00c9 necess\u00e1rio que a fam\u00edlia esteja inscrita no Cadastro \u00danico para Programas Sociais do Governo Federal e mantenha os dados atualizados.<\/li>\n<\/ul>\n\n\n\n<p><strong>Compromissos relacionados \u00e0 sa\u00fade e educa\u00e7\u00e3o:<\/strong><\/p>\n\n\n\n<ul class=\"wp-block-list\">\n<li>Crian\u00e7as e adolescentes devem estar matriculados na escola e com frequ\u00eancia regular.<\/li>\n\n\n\n<li>Gestantes e crian\u00e7as devem seguir o calend\u00e1rio de vacina\u00e7\u00e3o recomendado pelo SUS.<\/li>\n<\/ul>\n\n\n\n<p><strong>Composi\u00e7\u00e3o familiar:<\/strong><\/p>\n\n\n\n<ul class=\"wp-block-list\">\n<li>O programa prioriza fam\u00edlias com crian\u00e7as, adolescentes, gestantes ou pessoas com defici\u00eancia.<\/li>\n<\/ul>\n\n\n\n<p><\/p>\n","protected":false},"excerpt":{"rendered":"<p>As m\u00e3es benefici\u00e1rias do Programa Bolsa Fam\u00edlia v\u00eam ampliando sua presen\u00e7a no mercado de trabalho formal. De acordo com estudo do Minist\u00e9rio do Desenvolvimento e Assist\u00eancia Social (MDS), o \u00edndice de empregos formais entre essas mulheres apresentou um crescimento de 7,4% em rela\u00e7\u00e3o ao per\u00edodo anterior ao recebimento do benef\u00edcio. O levantamento, divulgado na 40\u00aa [&hellip;]<\/p>\n","protected":false},"author":4,"featured_media":5448,"comment_status":"open","ping_status":"open","sticky":false,"template":"","format":"standard","meta":{"jnews-multi-image_gallery":[],"jnews_single_post":[],"jnews_primary_category":[],"jnews_social_meta":[],"jnews_post_split":[],"footnotes":""},"categories":[1],"tags":[],"class_list":["post-5446","post","type-post","status-publish","format-standard","has-post-thumbnail","hentry","category-uncategorized"],"_links":{"self":[{"href":"https:\/\/diariodepernambuco.audiencelabs.com.br\/wp-json\/wp\/v2\/posts\/5446","targetHints":{"allow":["GET"]}}],"collection":[{"href":"https:\/\/diariodepernambuco.audiencelabs.com.br\/wp-json\/wp\/v2\/posts"}],"about":[{"href":"https:\/\/diariodepernambuco.audiencelabs.com.br\/wp-json\/wp\/v2\/types\/post"}],"author":[{"embeddable":true,"href":"https:\/\/diariodepernambuco.audiencelabs.com.br\/wp-json\/wp\/v2\/users\/4"}],"replies":[{"embeddable":true,"href":"https:\/\/diariodepernambuco.audiencelabs.com.br\/wp-json\/wp\/v2\/comments?post=5446"}],"version-history":[{"count":3,"href":"https:\/\/diariodepernambuco.audiencelabs.com.br\/wp-json\/wp\/v2\/posts\/5446\/revisions"}],"predecessor-version":[{"id":5451,"href":"https:\/\/diariodepernambuco.audiencelabs.com.br\/wp-json\/wp\/v2\/posts\/5446\/revisions\/5451"}],"wp:featuredmedia":[{"embeddable":true,"href":"https:\/\/diariodepernambuco.audiencelabs.com.br\/wp-json\/wp\/v2\/media\/5448"}],"wp:attachment":[{"href":"https:\/\/diariodepernambuco.audiencelabs.com.br\/wp-json\/wp\/v2\/media?parent=5446"}],"wp:term":[{"taxonomy":"category","embeddable":true,"href":"https:\/\/diariodepernambuco.audiencelabs.com.br\/wp-json\/wp\/v2\/categories?post=5446"},{"taxonomy":"post_tag","embeddable":true,"href":"https:\/\/diariodepernambuco.audiencelabs.com.br\/wp-json\/wp\/v2\/tags?post=5446"}],"curies":[{"name":"wp","href":"https:\/\/api.w.org\/{rel}","templated":true}]}}