{"id":5477,"date":"2025-10-07T08:00:00","date_gmt":"2025-10-07T11:00:00","guid":{"rendered":"https:\/\/diariodepernambuco.audiencelabs.com.br\/?p=5477"},"modified":"2025-10-06T10:18:39","modified_gmt":"2025-10-06T13:18:39","slug":"como-emendar-folgas-no-mes-de-outubro-para-nao-precisar-trabalhar","status":"publish","type":"post","link":"https:\/\/diariodepernambuco.audiencelabs.com.br\/como-emendar-folgas-no-mes-de-outubro-para-nao-precisar-trabalhar\/","title":{"rendered":"Como emendar folgas no m\u00eas de outubro para n\u00e3o precisar trabalhar?"},"content":{"rendered":"\n<p>Diferente de 2025, que trouxe poucos feriados prolongados aos brasileiros, o ano de 2026 ser\u00e1 bem mais generoso. Segundo o calend\u00e1rio oficial, nove dos dez feriados nacionais cair\u00e3o em dias \u00fateis, oferecendo mais chances de descanso estendido e viagens sem precisar recorrer a muitas folgas extras. Outubro, por exemplo, contar\u00e1 com um feriado em uma segunda-feira.<\/p>\n\n\n\n<p>Se o 12 de outubro deste ano cair\u00e1 em um domingo, evitando que os trabalhadores curtam um dia de folga, o do pr\u00f3ximo ano trar\u00e1 a oportunidade de um feriad\u00e3o com tr\u00eas dias seguidos \u00e0 disposi\u00e7\u00e3o. 2026 ainda ter\u00e1 outros seis &#8220;feriad\u00f5es&#8221;.<\/p>\n\n\n\n<p>S\u00e3o eles: Paix\u00e3o de Cristo (sexta-feira, 3 de abril), Dia do Trabalho (sexta-feira, 1\u00ba de maio), Independ\u00eancia do Brasil (segunda-feira, 7 de setembro), Finados (segunda-feira, 2 de novembro) e Natal (sexta-feira, 25 de dezembro).<\/p>\n\n\n\n<p>Al\u00e9m desses, o feriado de Tiradentes, em 21 de abril, tamb\u00e9m cair\u00e1 em uma ter\u00e7a-feira, possibilitando uma emenda para quem conseguir folgar na segunda. J\u00e1 o Dia da Proclama\u00e7\u00e3o da Rep\u00fablica, em 15 de novembro, ser\u00e1 no domingo \u2014 o \u00fanico que n\u00e3o proporcionar\u00e1 um descanso extra no calend\u00e1rio nacional de 2026.<\/p>\n\n\n\n<p>Com tantos dias de pausa espalhados ao longo do ano, o setor de turismo j\u00e1 projeta um aumento na movimenta\u00e7\u00e3o de viajantes, especialmente em destinos de praia e cidades hist\u00f3ricas. Hot\u00e9is, companhias a\u00e9reas e plataformas de hospedagem devem se preparar para uma alta na demanda, enquanto os brasileiros planejam aproveitar cada oportunidade para relaxar ou explorar novos lugares.<\/p>\n\n\n\n<h2 class=\"wp-block-heading\">Feriados nacionais que cair\u00e3o em dias \u00fateis em 2026<\/h2>\n\n\n\n<ul class=\"wp-block-list\">\n<li>Confraterniza\u00e7\u00e3o Universal (1\u00ba de janeiro) \u2013 quinta-feira<\/li>\n\n\n\n<li>Paix\u00e3o de Cristo (3 de abril) \u2013 sexta-feira<\/li>\n\n\n\n<li>Tiradentes (21 de abril) \u2013 ter\u00e7a-feira<\/li>\n\n\n\n<li>Dia do Trabalho (1\u00ba de maio) \u2013 sexta-feira<\/li>\n\n\n\n<li>Independ\u00eancia do Brasil (7 de setembro) \u2013 segunda-feira<\/li>\n\n\n\n<li>Nossa Senhora Aparecida (12 de outubro) \u2013 segunda-feira<\/li>\n\n\n\n<li>Finados (2 de novembro) \u2013 segunda-feira<\/li>\n\n\n\n<li>Proclama\u00e7\u00e3o da Rep\u00fablica (15 de novembro) \u2013 domingo<\/li>\n\n\n\n<li>Natal (25 de dezembro) \u2013 sexta-feira<\/li>\n<\/ul>\n\n\n\n<p><\/p>\n","protected":false},"excerpt":{"rendered":"<p>Diferente de 2025, que trouxe poucos feriados prolongados aos brasileiros, o ano de 2026 ser\u00e1 bem mais generoso. Segundo o calend\u00e1rio oficial, nove dos dez feriados nacionais cair\u00e3o em dias \u00fateis, oferecendo mais chances de descanso estendido e viagens sem precisar recorrer a muitas folgas extras. Outubro, por exemplo, contar\u00e1 com um feriado em uma [&hellip;]<\/p>\n","protected":false},"author":4,"featured_media":5069,"comment_status":"open","ping_status":"open","sticky":false,"template":"","format":"standard","meta":{"jnews-multi-image_gallery":[],"jnews_single_post":{"format":"standard"},"jnews_primary_category":[],"jnews_social_meta":[],"jnews_post_split":[],"footnotes":""},"categories":[1],"tags":[],"class_list":["post-5477","post","type-post","status-publish","format-standard","has-post-thumbnail","hentry","category-uncategorized"],"_links":{"self":[{"href":"https:\/\/diariodepernambuco.audiencelabs.com.br\/wp-json\/wp\/v2\/posts\/5477","targetHints":{"allow":["GET"]}}],"collection":[{"href":"https:\/\/diariodepernambuco.audiencelabs.com.br\/wp-json\/wp\/v2\/posts"}],"about":[{"href":"https:\/\/diariodepernambuco.audiencelabs.com.br\/wp-json\/wp\/v2\/types\/post"}],"author":[{"embeddable":true,"href":"https:\/\/diariodepernambuco.audiencelabs.com.br\/wp-json\/wp\/v2\/users\/4"}],"replies":[{"embeddable":true,"href":"https:\/\/diariodepernambuco.audiencelabs.com.br\/wp-json\/wp\/v2\/comments?post=5477"}],"version-history":[{"count":2,"href":"https:\/\/diariodepernambuco.audiencelabs.com.br\/wp-json\/wp\/v2\/posts\/5477\/revisions"}],"predecessor-version":[{"id":5480,"href":"https:\/\/diariodepernambuco.audiencelabs.com.br\/wp-json\/wp\/v2\/posts\/5477\/revisions\/5480"}],"wp:featuredmedia":[{"embeddable":true,"href":"https:\/\/diariodepernambuco.audiencelabs.com.br\/wp-json\/wp\/v2\/media\/5069"}],"wp:attachment":[{"href":"https:\/\/diariodepernambuco.audiencelabs.com.br\/wp-json\/wp\/v2\/media?parent=5477"}],"wp:term":[{"taxonomy":"category","embeddable":true,"href":"https:\/\/diariodepernambuco.audiencelabs.com.br\/wp-json\/wp\/v2\/categories?post=5477"},{"taxonomy":"post_tag","embeddable":true,"href":"https:\/\/diariodepernambuco.audiencelabs.com.br\/wp-json\/wp\/v2\/tags?post=5477"}],"curies":[{"name":"wp","href":"https:\/\/api.w.org\/{rel}","templated":true}]}}