{"id":5491,"date":"2025-10-07T10:30:23","date_gmt":"2025-10-07T13:30:23","guid":{"rendered":"https:\/\/diariodepernambuco.audiencelabs.com.br\/?p=5491"},"modified":"2025-10-06T12:26:51","modified_gmt":"2025-10-06T15:26:51","slug":"renomado-jogador-do-futebol-brasileiro-afirma-que-esta-sendo-roubado","status":"publish","type":"post","link":"https:\/\/diariodepernambuco.audiencelabs.com.br\/renomado-jogador-do-futebol-brasileiro-afirma-que-esta-sendo-roubado\/","title":{"rendered":"Renomado jogador do futebol brasileiro afirma que est\u00e1 sendo roubado"},"content":{"rendered":"\n<p>A 27\u00aa rodada do Campeonato Brasileiro contou com in\u00fameras reclama\u00e7\u00f5es em torno da arbitragem. Mas nenhuma delas foi t\u00e3o firme e categ\u00f3rica quanto a do lateral-esquerdo Marlon, do Gr\u00eamio. Indignado com a marca\u00e7\u00e3o de um p\u00eanalti para o RB Bragantino na derrota gremista por 1 a 0, o jogador desabafou na sa\u00edda de campo.<\/p>\n\n\n\n<p>&#8220;O Gr\u00eamio Futebol Porto-Alegrense est\u00e1 sendo categoricamente roubado desde que come\u00e7ou o campeonato. A gente vive numa liga onde voc\u00ea quer melhorar o calend\u00e1rio, mas a gente n\u00e3o tem nem profissionaliza\u00e7\u00e3o dos \u00e1rbitros. A gente vem de anos e anos e anos de corrup\u00e7\u00e3o numa federa\u00e7\u00e3o onde voc\u00ea n\u00e3o consegue legalizar as coisas n\u00e9&#8221;, disse Marlon.<\/p>\n\n\n\n<p>O \u00e1rbitro Lucas Casagrande marcou o p\u00eanalti ap\u00f3s consultar o VAR \u00e0 beira do campo. Na jogada, Marlon tentou bloquear o chute de Praxedes, e a bola acabou saindo ap\u00f3s desviar em seu bra\u00e7o. O defensor, no entanto, alegou que o membro estava colado ao corpo no momento do lance.<\/p>\n\n\n\n<p>O diretor de futebol do clube, Guto Peixoto, tamb\u00e9m se manifestou, seguindo na mesma linha e pedindo mais equil\u00edbrio nas escala\u00e7\u00f5es. Ele acrescentou que a dire\u00e7\u00e3o pretende levar \u00e0 CBF formalmente as reclama\u00e7\u00f5es sobre os erros de arbitragem. Com o rev\u00e9s em Bragan\u00e7a Paulista, o Gr\u00eamio estacionou nos 33 pontos e \u00e9 apenas o 13\u00ba colocado na tabela.<\/p>\n\n\n\n<h2 class=\"wp-block-heading\">Os jogos da 27\u00aa rodada do Brasileir\u00e3o<\/h2>\n\n\n\n<ul class=\"wp-block-list\">\n<li>04\/10, 18h30 &#8211; Fluminense 3 x 0 Atl\u00e9tico-MG<\/li>\n\n\n\n<li>04\/10, 18h30 &#8211; RB Bragantino 1 x 0 Gr\u00eamio<\/li>\n\n\n\n<li>04\/10, 18h30 &#8211; Internacional 2 x 0 Botafogo<\/li>\n\n\n\n<li>04\/10, 21h00 &#8211; Corinthians 3 x 0 Mirassol<\/li>\n\n\n\n<li>05\/10, 16h00 &#8211; Vasco da Gama 4 x 3 Vit\u00f3ria<\/li>\n\n\n\n<li>05\/10, 16h00 &#8211; S\u00e3o Paulo 2 x 3 Palmeiras<\/li>\n\n\n\n<li>05\/10, 18h30 &#8211; Bahia 1 x 0 Flamengo<\/li>\n\n\n\n<li>05\/10, 18h30 &#8211; Juventude 1 x 2 Fortaleza<\/li>\n\n\n\n<li>05\/10, 20h30 &#8211; Cruzeiro 1 x 1 Sport Recife<\/li>\n\n\n\n<li>05\/10, 20h30 &#8211; Cear\u00e1 3 x 0 Santos<\/li>\n<\/ul>\n\n\n\n<p><\/p>\n","protected":false},"excerpt":{"rendered":"<p>A 27\u00aa rodada do Campeonato Brasileiro contou com in\u00fameras reclama\u00e7\u00f5es em torno da arbitragem. Mas nenhuma delas foi t\u00e3o firme e categ\u00f3rica quanto a do lateral-esquerdo Marlon, do Gr\u00eamio. Indignado com a marca\u00e7\u00e3o de um p\u00eanalti para o RB Bragantino na derrota gremista por 1 a 0, o jogador desabafou na sa\u00edda de campo. &#8220;O [&hellip;]<\/p>\n","protected":false},"author":4,"featured_media":5498,"comment_status":"open","ping_status":"open","sticky":false,"template":"","format":"standard","meta":{"jnews-multi-image_gallery":[],"jnews_single_post":{"format":"standard"},"jnews_primary_category":[],"jnews_social_meta":[],"jnews_post_split":[],"footnotes":""},"categories":[1],"tags":[],"class_list":["post-5491","post","type-post","status-publish","format-standard","has-post-thumbnail","hentry","category-uncategorized"],"_links":{"self":[{"href":"https:\/\/diariodepernambuco.audiencelabs.com.br\/wp-json\/wp\/v2\/posts\/5491","targetHints":{"allow":["GET"]}}],"collection":[{"href":"https:\/\/diariodepernambuco.audiencelabs.com.br\/wp-json\/wp\/v2\/posts"}],"about":[{"href":"https:\/\/diariodepernambuco.audiencelabs.com.br\/wp-json\/wp\/v2\/types\/post"}],"author":[{"embeddable":true,"href":"https:\/\/diariodepernambuco.audiencelabs.com.br\/wp-json\/wp\/v2\/users\/4"}],"replies":[{"embeddable":true,"href":"https:\/\/diariodepernambuco.audiencelabs.com.br\/wp-json\/wp\/v2\/comments?post=5491"}],"version-history":[{"count":3,"href":"https:\/\/diariodepernambuco.audiencelabs.com.br\/wp-json\/wp\/v2\/posts\/5491\/revisions"}],"predecessor-version":[{"id":5497,"href":"https:\/\/diariodepernambuco.audiencelabs.com.br\/wp-json\/wp\/v2\/posts\/5491\/revisions\/5497"}],"wp:featuredmedia":[{"embeddable":true,"href":"https:\/\/diariodepernambuco.audiencelabs.com.br\/wp-json\/wp\/v2\/media\/5498"}],"wp:attachment":[{"href":"https:\/\/diariodepernambuco.audiencelabs.com.br\/wp-json\/wp\/v2\/media?parent=5491"}],"wp:term":[{"taxonomy":"category","embeddable":true,"href":"https:\/\/diariodepernambuco.audiencelabs.com.br\/wp-json\/wp\/v2\/categories?post=5491"},{"taxonomy":"post_tag","embeddable":true,"href":"https:\/\/diariodepernambuco.audiencelabs.com.br\/wp-json\/wp\/v2\/tags?post=5491"}],"curies":[{"name":"wp","href":"https:\/\/api.w.org\/{rel}","templated":true}]}}