{"id":5508,"date":"2025-10-07T13:00:00","date_gmt":"2025-10-07T16:00:00","guid":{"rendered":"https:\/\/diariodepernambuco.audiencelabs.com.br\/?p=5508"},"modified":"2025-10-06T11:21:04","modified_gmt":"2025-10-06T14:21:04","slug":"brasileiros-vao-receber-valor-gordo-de-abono-mais-de-1-milhao","status":"publish","type":"post","link":"https:\/\/diariodepernambuco.audiencelabs.com.br\/brasileiros-vao-receber-valor-gordo-de-abono-mais-de-1-milhao\/","title":{"rendered":"Brasileiros v\u00e3o receber valor gordo de abono: mais de 1 milh\u00e3o"},"content":{"rendered":"\n<p>Desde o \u00faltimo domingo (5), os trabalhadores brasileiros j\u00e1 podem consultar na Carteira de Trabalho Digital se est\u00e3o inclu\u00eddos no lote extra do Abono Salarial, que beneficiar\u00e1 mais de 1,6 milh\u00e3o de pessoas. De acordo com o Minist\u00e9rio do Trabalho e Emprego, o pagamento aos eleg\u00edveis est\u00e1 previsto para 15 de outubro, totalizando R$ 1,5 bilh\u00e3o.<\/p>\n\n\n\n<p>Cada trabalhador com direito ao Abono Salarial pode receber entre R$ 127 e R$ 1.518, conforme a quantidade de meses trabalhados no ano-base 2023. Ser\u00e3o beneficiados aqueles que t\u00eam direito ao abono e cujos dados foram devidamente registrados pelos empregadores no eSocial dentro do prazo correto.<\/p>\n\n\n\n<p>Ainda de acordo com o MTE, mais de 697 mil benefici\u00e1rios s\u00e3o trabalhadores de empresas privadas vinculados ao PIS e receber\u00e3o o abono por meio da Caixa Econ\u00f4mica Federal. Os outros mais de 942 mil s\u00e3o servidores p\u00fablicos vinculados ao PASEP e ter\u00e3o o pagamento efetuado pelo Banco do Brasil.<\/p>\n\n\n\n<h2 class=\"wp-block-heading\">Quem tem direito ao Abono Salarial<\/h2>\n\n\n\n<p>T\u00eam direito ao Abono Salarial (PIS\/PASEP) os trabalhadores que atendem a todos os seguintes crit\u00e9rios:<\/p>\n\n\n\n<ul class=\"wp-block-list\">\n<li>Estar cadastrado h\u00e1 pelo menos 5 anos no PIS (para empregados da iniciativa privada) ou PASEP (para servidores p\u00fablicos).<\/li>\n\n\n\n<li>Ter recebido, em m\u00e9dia, at\u00e9 2 sal\u00e1rios m\u00ednimos mensais durante o ano-base considerado.<\/li>\n\n\n\n<li>Ter trabalhado pelo menos 30 dias no ano-base com registro formal em carteira ou v\u00ednculo com o servi\u00e7o p\u00fablico.<\/li>\n\n\n\n<li>Ter os dados corretamente informados pelo empregador no eSocial ou sistema correspondente.<\/li>\n<\/ul>\n\n\n\n<p>O valor do abono \u00e9 proporcional ao n\u00famero de meses trabalhados no ano-base, podendo variar entre 1\/12 do sal\u00e1rio m\u00ednimo at\u00e9 um sal\u00e1rio m\u00ednimo completo.<\/p>\n\n\n\n<p><\/p>\n","protected":false},"excerpt":{"rendered":"<p>Desde o \u00faltimo domingo (5), os trabalhadores brasileiros j\u00e1 podem consultar na Carteira de Trabalho Digital se est\u00e3o inclu\u00eddos no lote extra do Abono Salarial, que beneficiar\u00e1 mais de 1,6 milh\u00e3o de pessoas. De acordo com o Minist\u00e9rio do Trabalho e Emprego, o pagamento aos eleg\u00edveis est\u00e1 previsto para 15 de outubro, totalizando R$ 1,5 [&hellip;]<\/p>\n","protected":false},"author":4,"featured_media":5084,"comment_status":"open","ping_status":"open","sticky":false,"template":"","format":"standard","meta":{"jnews-multi-image_gallery":[],"jnews_single_post":[],"jnews_primary_category":[],"jnews_social_meta":[],"jnews_post_split":[],"footnotes":""},"categories":[1],"tags":[],"class_list":["post-5508","post","type-post","status-publish","format-standard","has-post-thumbnail","hentry","category-uncategorized"],"_links":{"self":[{"href":"https:\/\/diariodepernambuco.audiencelabs.com.br\/wp-json\/wp\/v2\/posts\/5508","targetHints":{"allow":["GET"]}}],"collection":[{"href":"https:\/\/diariodepernambuco.audiencelabs.com.br\/wp-json\/wp\/v2\/posts"}],"about":[{"href":"https:\/\/diariodepernambuco.audiencelabs.com.br\/wp-json\/wp\/v2\/types\/post"}],"author":[{"embeddable":true,"href":"https:\/\/diariodepernambuco.audiencelabs.com.br\/wp-json\/wp\/v2\/users\/4"}],"replies":[{"embeddable":true,"href":"https:\/\/diariodepernambuco.audiencelabs.com.br\/wp-json\/wp\/v2\/comments?post=5508"}],"version-history":[{"count":3,"href":"https:\/\/diariodepernambuco.audiencelabs.com.br\/wp-json\/wp\/v2\/posts\/5508\/revisions"}],"predecessor-version":[{"id":5512,"href":"https:\/\/diariodepernambuco.audiencelabs.com.br\/wp-json\/wp\/v2\/posts\/5508\/revisions\/5512"}],"wp:featuredmedia":[{"embeddable":true,"href":"https:\/\/diariodepernambuco.audiencelabs.com.br\/wp-json\/wp\/v2\/media\/5084"}],"wp:attachment":[{"href":"https:\/\/diariodepernambuco.audiencelabs.com.br\/wp-json\/wp\/v2\/media?parent=5508"}],"wp:term":[{"taxonomy":"category","embeddable":true,"href":"https:\/\/diariodepernambuco.audiencelabs.com.br\/wp-json\/wp\/v2\/categories?post=5508"},{"taxonomy":"post_tag","embeddable":true,"href":"https:\/\/diariodepernambuco.audiencelabs.com.br\/wp-json\/wp\/v2\/tags?post=5508"}],"curies":[{"name":"wp","href":"https:\/\/api.w.org\/{rel}","templated":true}]}}