{"id":5528,"date":"2025-10-06T13:30:00","date_gmt":"2025-10-06T16:30:00","guid":{"rendered":"https:\/\/diariodepernambuco.audiencelabs.com.br\/?p=5528"},"modified":"2025-10-06T13:21:07","modified_gmt":"2025-10-06T16:21:07","slug":"lula-faz-anuncio-urgente-sobre-ligacao-para-trump","status":"publish","type":"post","link":"https:\/\/diariodepernambuco.audiencelabs.com.br\/lula-faz-anuncio-urgente-sobre-ligacao-para-trump\/","title":{"rendered":"Lula faz an\u00fancio urgente sobre liga\u00e7\u00e3o para Trump"},"content":{"rendered":"\n<p>O presidente Luiz In\u00e1cio Lula da Silva (PT) e o presidente dos Estados Unidos, Donald Trump, mantiveram uma conversa por telefone de aproximadamente 30 minutos nesta segunda-feira (6). Durante o di\u00e1logo, Lula solicitou que Trump reavaliasse o tarifa\u00e7o e as san\u00e7\u00f5es aplicadas a autoridades brasileiras. A confirma\u00e7\u00e3o da liga\u00e7\u00e3o foi feita pelo presidente brasileiro em suas redes sociais.<\/p>\n\n\n\n<p>Trump nomeou o secret\u00e1rio de Estado Marco Rubio para dar continuidade \u00e0s negocia\u00e7\u00f5es sobre o tema junto ao vice-presidente Geraldo Alckmin, ao chanceler Mauro Vieira e ao ministro da Fazenda, Fernando Haddad. Segundo Lula, os dois concordaram em ter um encontro presencial em breve. Eles tamb\u00e9m teriam trocado n\u00fameros de telefone com o objetivo de criar uma linha direta de comunica\u00e7\u00e3o.<\/p>\n\n\n\n<p>Lula avaliou a possibilidade de um encontro presencial com Trump na Mal\u00e1sia, durante a reuni\u00e3o da Associa\u00e7\u00e3o das Na\u00e7\u00f5es do Sudeste Asi\u00e1tico (Asean), marcada para o final deste m\u00eas. Ambos os presidentes foram convidados a participar do evento. O governo brasileiro considera a c\u00fapula um ambiente ideal para a reuni\u00e3o, j\u00e1 que oferece um local neutro para o encontro entre os l\u00edderes.<\/p>\n\n\n\n<p>Trump ainda n\u00e3o confirmou oficialmente sua participa\u00e7\u00e3o na c\u00fapula da Asean, mas \u00e9 esperado que ele viaje \u00e0 Mal\u00e1sia como parte de uma rota pela \u00c1sia, que tamb\u00e9m incluiria passagens pelo Jap\u00e3o e pela Coreia do Sul. Lula seguir\u00e1 para Kuala Lumpur ap\u00f3s uma visita de Estado \u00e0 Indon\u00e9sia, como parte de seus esfor\u00e7os para fortalecer os la\u00e7os comerciais na regi\u00e3o.<\/p>\n\n\n\n<h2 class=\"wp-block-heading\">Resumo da conversa entre Lula e Trump<\/h2>\n\n\n\n<ul class=\"wp-block-list\">\n<li>Lula e Trump relembraram a &#8220;boa qu\u00edmica&#8221; do encontro em Nova York por ocasi\u00e3o da Assembleia Geral da ONU;<\/li>\n\n\n\n<li>Lula recordou que o Brasil \u00e9 um dos tr\u00eas pa\u00edses do G20 com quem os Estados Unidos mant\u00eam super\u00e1vit na balan\u00e7a de bens e servi\u00e7os;<\/li>\n\n\n\n<li>O petista solicitou a Trump a retirada da sobretaxa de 40% imposta a produtos nacionais e das medidas restritivas aplicadas contra autoridades brasileiras;<\/li>\n\n\n\n<li>Trump designou o secret\u00e1rio de Estado Marco Rubio para dar sequ\u00eancia \u00e0s negocia\u00e7\u00f5es sobre o tarifa\u00e7o;<\/li>\n\n\n\n<li>Os dois concordaram com um encontro presencial em breve;<\/li>\n\n\n\n<li>Lula sugeriu um encontro na C\u00fapula da Asean, na Mal\u00e1sia, reiterou o convite a Trump para participar da COP30, em Bel\u00e9m e se disp\u00f4s a viajar aos Estados Unidos;<\/li>\n\n\n\n<li>Os dois trocaram telefones para estabelecerem uma via direta de comunica\u00e7\u00e3o.<\/li>\n<\/ul>\n\n\n\n<p><\/p>\n","protected":false},"excerpt":{"rendered":"<p>O presidente Luiz In\u00e1cio Lula da Silva (PT) e o presidente dos Estados Unidos, Donald Trump, mantiveram uma conversa por telefone de aproximadamente 30 minutos nesta segunda-feira (6). Durante o di\u00e1logo, Lula solicitou que Trump reavaliasse o tarifa\u00e7o e as san\u00e7\u00f5es aplicadas a autoridades brasileiras. A confirma\u00e7\u00e3o da liga\u00e7\u00e3o foi feita pelo presidente brasileiro em [&hellip;]<\/p>\n","protected":false},"author":4,"featured_media":1032,"comment_status":"open","ping_status":"open","sticky":false,"template":"","format":"standard","meta":{"jnews-multi-image_gallery":[],"jnews_single_post":{"format":"standard"},"jnews_primary_category":[],"jnews_social_meta":[],"jnews_post_split":[],"footnotes":""},"categories":[1],"tags":[],"class_list":["post-5528","post","type-post","status-publish","format-standard","has-post-thumbnail","hentry","category-uncategorized"],"_links":{"self":[{"href":"https:\/\/diariodepernambuco.audiencelabs.com.br\/wp-json\/wp\/v2\/posts\/5528","targetHints":{"allow":["GET"]}}],"collection":[{"href":"https:\/\/diariodepernambuco.audiencelabs.com.br\/wp-json\/wp\/v2\/posts"}],"about":[{"href":"https:\/\/diariodepernambuco.audiencelabs.com.br\/wp-json\/wp\/v2\/types\/post"}],"author":[{"embeddable":true,"href":"https:\/\/diariodepernambuco.audiencelabs.com.br\/wp-json\/wp\/v2\/users\/4"}],"replies":[{"embeddable":true,"href":"https:\/\/diariodepernambuco.audiencelabs.com.br\/wp-json\/wp\/v2\/comments?post=5528"}],"version-history":[{"count":2,"href":"https:\/\/diariodepernambuco.audiencelabs.com.br\/wp-json\/wp\/v2\/posts\/5528\/revisions"}],"predecessor-version":[{"id":5530,"href":"https:\/\/diariodepernambuco.audiencelabs.com.br\/wp-json\/wp\/v2\/posts\/5528\/revisions\/5530"}],"wp:featuredmedia":[{"embeddable":true,"href":"https:\/\/diariodepernambuco.audiencelabs.com.br\/wp-json\/wp\/v2\/media\/1032"}],"wp:attachment":[{"href":"https:\/\/diariodepernambuco.audiencelabs.com.br\/wp-json\/wp\/v2\/media?parent=5528"}],"wp:term":[{"taxonomy":"category","embeddable":true,"href":"https:\/\/diariodepernambuco.audiencelabs.com.br\/wp-json\/wp\/v2\/categories?post=5528"},{"taxonomy":"post_tag","embeddable":true,"href":"https:\/\/diariodepernambuco.audiencelabs.com.br\/wp-json\/wp\/v2\/tags?post=5528"}],"curies":[{"name":"wp","href":"https:\/\/api.w.org\/{rel}","templated":true}]}}