{"id":5550,"date":"2025-10-07T19:00:00","date_gmt":"2025-10-07T22:00:00","guid":{"rendered":"https:\/\/diariodepernambuco.audiencelabs.com.br\/?p=5550"},"modified":"2025-10-06T15:01:32","modified_gmt":"2025-10-06T18:01:32","slug":"rede-globo-comunica-denilson-show-sobre-futuro-do-ex-jogador","status":"publish","type":"post","link":"https:\/\/diariodepernambuco.audiencelabs.com.br\/rede-globo-comunica-denilson-show-sobre-futuro-do-ex-jogador\/","title":{"rendered":"Rede Globo comunica Den\u00edlson Show sobre futuro do ex-jogador"},"content":{"rendered":"\n<p>Apesar de alguns \u00faltimos desentendimentos, o relacionamento entre o comentarista Den\u00edlson e o Grupo Globo segue de forma positiva. Segundo o portal Leo Dias, a emissora deve anunciar em breve a renova\u00e7\u00e3o de contrato com o ex-jogador. O novo acordo ter\u00e1 dura\u00e7\u00e3o de tr\u00eas anos, garantindo a perman\u00eancia de Den\u00edlson no canal at\u00e9 2028.<\/p>\n\n\n\n<p>Den\u00edlson, al\u00e9m de atuar no \u201cFechamento Sportv\u201d e no \u201cGlobo Esporte-SP\u201d, tamb\u00e9m ter\u00e1 participa\u00e7\u00e3o na plataforma GE TV. A inten\u00e7\u00e3o da Globo \u00e9 consolidar o ex-Band como uma das principais figuras do departamento de esportes e de seus eventos. Vale destacar que, em 2026, a emissora ser\u00e1 uma das detentoras dos direitos de transmiss\u00e3o da Copa do Mundo.<\/p>\n\n\n\n<p>A Caz\u00e9TV, uma de suas concorrentes no Mundial, at\u00e9 buscou a contrata\u00e7\u00e3o de Den\u00edlson em mais de uma oportunidade, mas o ex-jogador decidiu permanecer na Globo. O casamento entre Den\u00edlson e a &#8220;v\u00eanus platinada&#8221; se iniciou em janeiro deste ano, ap\u00f3s o comentarista deixar a Band ap\u00f3s longos 14 anos.<\/p>\n\n\n\n<p>Sua participa\u00e7\u00e3o di\u00e1ria no &#8220;Jogo Aberto&#8221;, ao lado de Renata Fan, consolidou sua imagem como um comentarista bem-humorado e acess\u00edvel. Como jogodor, Den\u00edlson passou por equipes como Flamengo, Palmeiras, Betis e Bordeaux. Em 2002, ele fez parte do elenco que conquistou o pentacampeonato mundial com a Sele\u00e7\u00e3o Brasileira.<\/p>\n\n\n\n<h2 class=\"wp-block-heading\">Den\u00edlson curtiu &#8220;Tardezinha&#8221; com a esposa<\/h2>\n\n\n\n<p>Prestes a ter seu contrato com a Rede Globo renovado, Den\u00edlson foi um dos muitos famosos que marcaram presen\u00e7a na Arena Anhembi, em S\u00e3o Paulo, para curtirem a edi\u00e7\u00e3o especial de 10 anos do Tardezinha, tradicional projeto do cantor Thiaguinho.<\/p>\n\n\n\n<p>Ele esteve ao lado de Luciele Camargo, sua esposa e irm\u00e3 dos cantores Zez\u00e9 di Camargo e Luciano. Al\u00e9m do casal, nomes como Gominho, Belo, Nicole Bahls, Gabriel Medina, Aline Gotschalg, Fernando Medeiros e Tati Machado tamb\u00e9m curtiram o evento.<\/p>\n\n\n\n<p><\/p>\n","protected":false},"excerpt":{"rendered":"<p>Apesar de alguns \u00faltimos desentendimentos, o relacionamento entre o comentarista Den\u00edlson e o Grupo Globo segue de forma positiva. Segundo o portal Leo Dias, a emissora deve anunciar em breve a renova\u00e7\u00e3o de contrato com o ex-jogador. O novo acordo ter\u00e1 dura\u00e7\u00e3o de tr\u00eas anos, garantindo a perman\u00eancia de Den\u00edlson no canal at\u00e9 2028. Den\u00edlson, [&hellip;]<\/p>\n","protected":false},"author":4,"featured_media":5552,"comment_status":"open","ping_status":"open","sticky":false,"template":"","format":"standard","meta":{"jnews-multi-image_gallery":[],"jnews_single_post":[],"jnews_primary_category":[],"jnews_social_meta":[],"jnews_post_split":[],"footnotes":""},"categories":[1],"tags":[],"class_list":["post-5550","post","type-post","status-publish","format-standard","has-post-thumbnail","hentry","category-uncategorized"],"_links":{"self":[{"href":"https:\/\/diariodepernambuco.audiencelabs.com.br\/wp-json\/wp\/v2\/posts\/5550","targetHints":{"allow":["GET"]}}],"collection":[{"href":"https:\/\/diariodepernambuco.audiencelabs.com.br\/wp-json\/wp\/v2\/posts"}],"about":[{"href":"https:\/\/diariodepernambuco.audiencelabs.com.br\/wp-json\/wp\/v2\/types\/post"}],"author":[{"embeddable":true,"href":"https:\/\/diariodepernambuco.audiencelabs.com.br\/wp-json\/wp\/v2\/users\/4"}],"replies":[{"embeddable":true,"href":"https:\/\/diariodepernambuco.audiencelabs.com.br\/wp-json\/wp\/v2\/comments?post=5550"}],"version-history":[{"count":3,"href":"https:\/\/diariodepernambuco.audiencelabs.com.br\/wp-json\/wp\/v2\/posts\/5550\/revisions"}],"predecessor-version":[{"id":5555,"href":"https:\/\/diariodepernambuco.audiencelabs.com.br\/wp-json\/wp\/v2\/posts\/5550\/revisions\/5555"}],"wp:featuredmedia":[{"embeddable":true,"href":"https:\/\/diariodepernambuco.audiencelabs.com.br\/wp-json\/wp\/v2\/media\/5552"}],"wp:attachment":[{"href":"https:\/\/diariodepernambuco.audiencelabs.com.br\/wp-json\/wp\/v2\/media?parent=5550"}],"wp:term":[{"taxonomy":"category","embeddable":true,"href":"https:\/\/diariodepernambuco.audiencelabs.com.br\/wp-json\/wp\/v2\/categories?post=5550"},{"taxonomy":"post_tag","embeddable":true,"href":"https:\/\/diariodepernambuco.audiencelabs.com.br\/wp-json\/wp\/v2\/tags?post=5550"}],"curies":[{"name":"wp","href":"https:\/\/api.w.org\/{rel}","templated":true}]}}