{"id":5575,"date":"2025-10-06T16:30:00","date_gmt":"2025-10-06T19:30:00","guid":{"rendered":"https:\/\/diariodepernambuco.audiencelabs.com.br\/?p=5575"},"modified":"2025-10-06T16:18:15","modified_gmt":"2025-10-06T19:18:15","slug":"quem-matou-odete-roitman-sao-cinco-os-suspeitos","status":"publish","type":"post","link":"https:\/\/diariodepernambuco.audiencelabs.com.br\/quem-matou-odete-roitman-sao-cinco-os-suspeitos\/","title":{"rendered":"Quem matou Odete Roitman? S\u00e3o cinco os suspeitos!"},"content":{"rendered":"\n<p>Os cap\u00edtulos mais recentes da novela \u201cVale Tudo\u201d trouxeram \u00e0 tona segredos da vil\u00e3 Odete Roitman. Nesta segunda-feira (6), ser\u00e1 exibida a cena mais aguardada da trama, marcada por uma das perguntas mais emblem\u00e1ticas da teledramaturgia brasileira: quem matou Odete Roitman?<\/p>\n\n\n\n<p>Em conversa com o &#8220;Fant\u00e1stico&#8221;, Manuela Dias, autora do remake, abriu o jogo sobre a reta final da novela. Em um bate-papo bastante descontra\u00eddo, Manuela revelou que chegou a gravar &#8220;dez finais&#8221; e que somente ela e Paulinho Silvestrini, diretor da novela, sabem quem matou a vil\u00e3.<\/p>\n\n\n\n<p>&#8220;A gente gravou, no fundo, 10 finais, n\u00e9? Porque a gente gravou com os cinco suspeitos matando e n\u00e3o matando. At\u00e9 esse momento assim nem os atores t\u00eam certeza. Eu tamb\u00e9m fiquei apaixonada pela Odete. Ent\u00e3o, realmente deu d\u00f3&#8221;, disse a autora. Ser\u00e3o cinco os suspeitos do assassinato: Marco Aur\u00e9lio, Celina, C\u00e9sar, Maria de F\u00e1tima e Heleninha.<\/p>\n\n\n\n<p>Entre os cinco suspeitos, cada personagem tem motivos distintos que alimentam o suspense. Marco Aur\u00e9lio se envolve em disputas de poder e neg\u00f3cios com Odete, enquanto Celina guarda segredos antigos que poderiam mudar o destino de todos. C\u00e9sar tem uma rela\u00e7\u00e3o conturbada com a vil\u00e3, cheia de conflitos pessoais e financeiros.<\/p>\n\n\n\n<p>J\u00e1 Maria de F\u00e1tima, ambiciosa e determinada, v\u00ea em Odete um obst\u00e1culo para seus pr\u00f3prios planos. Por fim, Heleninha, com sua personalidade imprevis\u00edvel, tamb\u00e9m entra na lista de poss\u00edveis culpados. Com esses elementos, o remake de \u201cVale Tudo\u201d mant\u00e9m o p\u00fablico na expectativa, mesclando mist\u00e9rio e drama at\u00e9 o \u00faltimo cap\u00edtulo.<\/p>\n\n\n\n<p>&#8220;Vale Tudo&#8221; entra nesta segunda-feira em sua pen\u00faltima semana. O cap\u00edtulo final deve ir ao ar no dia 17 de outubro. A novela de Manuela Dias tratou de temas sociais, como etarismo, racismo e alcoolismo ao longo do enredo.<\/p>\n\n\n\n<p><\/p>\n","protected":false},"excerpt":{"rendered":"<p>Os cap\u00edtulos mais recentes da novela \u201cVale Tudo\u201d trouxeram \u00e0 tona segredos da vil\u00e3 Odete Roitman. Nesta segunda-feira (6), ser\u00e1 exibida a cena mais aguardada da trama, marcada por uma das perguntas mais emblem\u00e1ticas da teledramaturgia brasileira: quem matou Odete Roitman? Em conversa com o &#8220;Fant\u00e1stico&#8221;, Manuela Dias, autora do remake, abriu o jogo sobre [&hellip;]<\/p>\n","protected":false},"author":4,"featured_media":5578,"comment_status":"open","ping_status":"open","sticky":false,"template":"","format":"standard","meta":{"jnews-multi-image_gallery":[],"jnews_single_post":{"format":"standard"},"jnews_primary_category":[],"jnews_social_meta":[],"jnews_post_split":[],"footnotes":""},"categories":[1],"tags":[],"class_list":["post-5575","post","type-post","status-publish","format-standard","has-post-thumbnail","hentry","category-uncategorized"],"_links":{"self":[{"href":"https:\/\/diariodepernambuco.audiencelabs.com.br\/wp-json\/wp\/v2\/posts\/5575","targetHints":{"allow":["GET"]}}],"collection":[{"href":"https:\/\/diariodepernambuco.audiencelabs.com.br\/wp-json\/wp\/v2\/posts"}],"about":[{"href":"https:\/\/diariodepernambuco.audiencelabs.com.br\/wp-json\/wp\/v2\/types\/post"}],"author":[{"embeddable":true,"href":"https:\/\/diariodepernambuco.audiencelabs.com.br\/wp-json\/wp\/v2\/users\/4"}],"replies":[{"embeddable":true,"href":"https:\/\/diariodepernambuco.audiencelabs.com.br\/wp-json\/wp\/v2\/comments?post=5575"}],"version-history":[{"count":2,"href":"https:\/\/diariodepernambuco.audiencelabs.com.br\/wp-json\/wp\/v2\/posts\/5575\/revisions"}],"predecessor-version":[{"id":5580,"href":"https:\/\/diariodepernambuco.audiencelabs.com.br\/wp-json\/wp\/v2\/posts\/5575\/revisions\/5580"}],"wp:featuredmedia":[{"embeddable":true,"href":"https:\/\/diariodepernambuco.audiencelabs.com.br\/wp-json\/wp\/v2\/media\/5578"}],"wp:attachment":[{"href":"https:\/\/diariodepernambuco.audiencelabs.com.br\/wp-json\/wp\/v2\/media?parent=5575"}],"wp:term":[{"taxonomy":"category","embeddable":true,"href":"https:\/\/diariodepernambuco.audiencelabs.com.br\/wp-json\/wp\/v2\/categories?post=5575"},{"taxonomy":"post_tag","embeddable":true,"href":"https:\/\/diariodepernambuco.audiencelabs.com.br\/wp-json\/wp\/v2\/tags?post=5575"}],"curies":[{"name":"wp","href":"https:\/\/api.w.org\/{rel}","templated":true}]}}