{"id":5582,"date":"2025-10-11T12:30:00","date_gmt":"2025-10-11T15:30:00","guid":{"rendered":"https:\/\/diariodepernambuco.audiencelabs.com.br\/?p=5582"},"modified":"2025-10-06T18:06:17","modified_gmt":"2025-10-06T21:06:17","slug":"nova-lei-obriga-donos-de-casas-a-pintar-os-telhados-da-mesma-cor","status":"publish","type":"post","link":"https:\/\/diariodepernambuco.audiencelabs.com.br\/nova-lei-obriga-donos-de-casas-a-pintar-os-telhados-da-mesma-cor\/","title":{"rendered":"Nova lei obriga donos de casas a pintar os telhados da mesma cor?"},"content":{"rendered":"\n<p>Quando algu\u00e9m anda sob um calor de 38\u00b0C usando uma camisa preta, sente muito mais calor do que se estivesse com uma camisa branca. A mesma l\u00f3gica se aplica aos telhados das casas: cores escuras absorvem mais energia solar, aumentando a temperatura interna das edifica\u00e7\u00f5es.<\/p>\n\n\n\n<p>Com base nesse conceito, surgiram os chamados \u201ctelhados frios\u201d ou \u201ctelhados refletivos\u201d. No m\u00eas passado, Atlanta passou a integrar outras cidades dos Estados Unidos que adotaram normas exigindo que novos telhados sejam constru\u00eddos com essas caracter\u00edsticas.<\/p>\n\n\n\n<p>A medida tem como objetivo reduzir n\u00e3o apenas o calor dentro das constru\u00e7\u00f5es, mas tamb\u00e9m a temperatura do entorno urbano. Segundo a vereadora Liliana Bakhtiari, autora da proposta, a ideia \u00e9 enfrentar as mudan\u00e7as clim\u00e1ticas de forma localizada, promovendo uma adapta\u00e7\u00e3o clim\u00e1tica da cidade que seja mais pr\u00e1tica e eficaz do que depender exclusivamente de a\u00e7\u00f5es em n\u00edvel global.<\/p>\n\n\n\n<p>Os telhados refletivos funcionam aumentando a reflex\u00e3o da luz solar, o que diminui a absor\u00e7\u00e3o de calor pelos materiais de constru\u00e7\u00e3o. Isso n\u00e3o s\u00f3 contribui para ambientes internos mais frescos, como tamb\u00e9m reduz a necessidade de ar-condicionado, gerando economia de energia e menores emiss\u00f5es de gases do efeito estufa.<\/p>\n\n\n\n<p>A nova legisla\u00e7\u00e3o, portanto, n\u00e3o obriga a pintar os telhados de uma cor espec\u00edfica, mas estabelece crit\u00e9rios de refletividade e efici\u00eancia t\u00e9rmica, garantindo que as constru\u00e7\u00f5es futuras ajudem a combater o efeito de \u201cilhas de calor\u201d nas \u00e1reas urbanas.<\/p>\n\n\n\n<h2 class=\"wp-block-heading\">Por qu\u00ea investir em telhados reflexivos para as casas?<\/h2>\n\n\n\n<p>\ud83c\udf21\ufe0f Redu\u00e7\u00e3o da temperatura interna: Telhados claros ou refletivos absorvem menos calor solar, mantendo a casa mais fresca, especialmente em regi\u00f5es quentes.<\/p>\n\n\n\n<p>\ud83d\udcb8 Economia de energia: Com ambientes internos mais frescos, a demanda por ar-condicionado e ventiladores diminui, reduzindo a conta de energia el\u00e9trica.<\/p>\n\n\n\n<p>\ud83c\udf0d Impacto ambiental positivo: Menos consumo de energia significa menos emiss\u00e3o de gases do efeito estufa, contribuindo para a mitiga\u00e7\u00e3o das mudan\u00e7as clim\u00e1ticas.<\/p>\n\n\n\n<p>\ud83c\udfd8\ufe0f Conforto urbano: Quando adotados em grande escala, os telhados reflexivos ajudam a diminuir o efeito de \u201cilhas de calor\u201d nas cidades, tornando bairros inteiros mais agrad\u00e1veis.<\/p>\n\n\n\n<p>\ud83c\udfe0 Durabilidade da constru\u00e7\u00e3o: Alguns materiais refletivos protegem melhor a cobertura da casa contra raios UV e varia\u00e7\u00f5es de temperatura, aumentando a vida \u00fatil do telhado.<\/p>\n\n\n\n<p><\/p>\n","protected":false},"excerpt":{"rendered":"<p>Quando algu\u00e9m anda sob um calor de 38\u00b0C usando uma camisa preta, sente muito mais calor do que se estivesse com uma camisa branca. A mesma l\u00f3gica se aplica aos telhados das casas: cores escuras absorvem mais energia solar, aumentando a temperatura interna das edifica\u00e7\u00f5es. Com base nesse conceito, surgiram os chamados \u201ctelhados frios\u201d ou [&hellip;]<\/p>\n","protected":false},"author":4,"featured_media":5585,"comment_status":"open","ping_status":"open","sticky":false,"template":"","format":"standard","meta":{"jnews-multi-image_gallery":[],"jnews_single_post":{"format":"standard"},"jnews_primary_category":[],"jnews_social_meta":[],"jnews_post_split":[],"footnotes":""},"categories":[1],"tags":[],"class_list":["post-5582","post","type-post","status-publish","format-standard","has-post-thumbnail","hentry","category-uncategorized"],"_links":{"self":[{"href":"https:\/\/diariodepernambuco.audiencelabs.com.br\/wp-json\/wp\/v2\/posts\/5582","targetHints":{"allow":["GET"]}}],"collection":[{"href":"https:\/\/diariodepernambuco.audiencelabs.com.br\/wp-json\/wp\/v2\/posts"}],"about":[{"href":"https:\/\/diariodepernambuco.audiencelabs.com.br\/wp-json\/wp\/v2\/types\/post"}],"author":[{"embeddable":true,"href":"https:\/\/diariodepernambuco.audiencelabs.com.br\/wp-json\/wp\/v2\/users\/4"}],"replies":[{"embeddable":true,"href":"https:\/\/diariodepernambuco.audiencelabs.com.br\/wp-json\/wp\/v2\/comments?post=5582"}],"version-history":[{"count":2,"href":"https:\/\/diariodepernambuco.audiencelabs.com.br\/wp-json\/wp\/v2\/posts\/5582\/revisions"}],"predecessor-version":[{"id":5586,"href":"https:\/\/diariodepernambuco.audiencelabs.com.br\/wp-json\/wp\/v2\/posts\/5582\/revisions\/5586"}],"wp:featuredmedia":[{"embeddable":true,"href":"https:\/\/diariodepernambuco.audiencelabs.com.br\/wp-json\/wp\/v2\/media\/5585"}],"wp:attachment":[{"href":"https:\/\/diariodepernambuco.audiencelabs.com.br\/wp-json\/wp\/v2\/media?parent=5582"}],"wp:term":[{"taxonomy":"category","embeddable":true,"href":"https:\/\/diariodepernambuco.audiencelabs.com.br\/wp-json\/wp\/v2\/categories?post=5582"},{"taxonomy":"post_tag","embeddable":true,"href":"https:\/\/diariodepernambuco.audiencelabs.com.br\/wp-json\/wp\/v2\/tags?post=5582"}],"curies":[{"name":"wp","href":"https:\/\/api.w.org\/{rel}","templated":true}]}}