{"id":5651,"date":"2025-10-08T16:30:00","date_gmt":"2025-10-08T19:30:00","guid":{"rendered":"https:\/\/diariodepernambuco.audiencelabs.com.br\/?p=5651"},"modified":"2025-10-07T16:26:08","modified_gmt":"2025-10-07T19:26:08","slug":"que-nojo-participante-da-fazenda-cospe-na-cara-de-concorrente","status":"publish","type":"post","link":"https:\/\/diariodepernambuco.audiencelabs.com.br\/que-nojo-participante-da-fazenda-cospe-na-cara-de-concorrente\/","title":{"rendered":"Que nojo! Participante da Fazenda cospe na cara de concorrente"},"content":{"rendered":"\n<p>Carol Lekker e Rayane Figliuzzi se envolveram em uma forte discuss\u00e3o na manh\u00e3 desta ter\u00e7a-feira em A Fazenda 2025, reality show exibido pela Record TV. A confus\u00e3o come\u00e7ou enquanto Carol cuidava das plantas e Gaby Spanic se aproximava para registrar o momento no c\u00e2mera-trato. Ao notar que Rayane veio ajud\u00e1-la, Carol afirmou que a colega s\u00f3 se aproximou porque estava sendo filmada.<\/p>\n\n\n\n<p>A discuss\u00e3o se intensificou, e as duas passaram a trocar acusa\u00e7\u00f5es e provoca\u00e7\u00f5es. &#8220;Acorda, mulher! Vai cometer seus crimes para l\u00e1. Ela acha que a gente tem medo dela, s\u00f3 ela que tem dinheiro para pagar advogados&#8221;, disparou Carol. J\u00e1 Rayane, namorada do cantor Belo,rebateu: &#8220;Pode falar bastante, o processo t\u00e1 a\u00ed. Ela \u00e9 falsa, galera!&#8221;.<\/p>\n\n\n\n<p>Durante a discuss\u00e3o, Carol voltou a mencionar o processo em que Rayane \u00e9 acusada de estelionato. \u201cVai l\u00e1 cometer seus crimes, foi pris\u00e3o domiciliar que voc\u00ea ficou? T\u00e3o novinha e j\u00e1 presa, n\u00e9?\u201d, provocou. Rayane respondeu com ironia: \u201cPois \u00e9, quando a gente se apaixona, \u00e9 f*da!\u201d.<\/p>\n\n\n\n<figure class=\"wp-block-embed is-type-video is-provider-youtube wp-block-embed-youtube wp-embed-aspect-16-9 wp-has-aspect-ratio\"><div class=\"wp-block-embed__wrapper\">\n<div class=\"jeg_video_container jeg_video_content\"><iframe loading=\"lazy\" title=\"Carol abandona fun\u00e7\u00e3o e cospe em Rayane: &#039;Teve o que mereceu&#039; | A Fazenda 17\" width=\"500\" height=\"281\" src=\"https:\/\/www.youtube.com\/embed\/KuXqa85Drt0?feature=oembed\" frameborder=\"0\" allow=\"accelerometer; autoplay; clipboard-write; encrypted-media; gyroscope; picture-in-picture; web-share\" referrerpolicy=\"strict-origin-when-cross-origin\" allowfullscreen><\/iframe><\/div>\n<\/div><\/figure>\n\n\n\n<p>Gaby Spanic tentou intervir e pedir que a briga cessasse, mas foi ignorada por ambas. Em meio \u00e0 discuss\u00e3o, Carol acabou cuspindo no rosto de Rayane. \u201cVai me agredir agora? Esse tipo de pessoa\u2026\u201d, reagiu a namorada de Belo. Carol, por sua vez, respondeu: \u201cCuspo e vou cuspir, fa\u00e7o de novo\u201d, repetindo o gesto.<\/p>\n\n\n\n<h2 class=\"wp-block-heading\">Os participantes restantes de A Fazenda 2025<\/h2>\n\n\n\n<ul class=\"wp-block-list\">\n<li>Carol Lekker \u2013 Modelo e influenciadora digital.<\/li>\n\n\n\n<li>Cr\u00e9o Kellab \u2013 Ator.<\/li>\n\n\n\n<li>Duda Wendling \u2013 Atriz.<\/li>\n\n\n\n<li>Dudu Camargo \u2013 Apresentador e jornalista.<\/li>\n\n\n\n<li>Fabiano Moraes \u2013 Publicit\u00e1rio.<\/li>\n\n\n\n<li>Fernando Sampaio \u2013 Ator, produtor e apresentador.<\/li>\n\n\n\n<li>Gaby Spanic \u2013 Atriz, conhecida por sua atua\u00e7\u00e3o em &#8220;A Usurpadora&#8221;.<\/li>\n\n\n\n<li>Guilherme Boury \u2013 Ator.<\/li>\n\n\n\n<li>Kathy Maravilha \u2013 DJ e dan\u00e7arina.<\/li>\n\n\n\n<li>Luiz Mesquita \u2013 Lutador.<\/li>\n\n\n\n<li>Maria Caporusso \u2013 Empres\u00e1ria e influenciadora digital.<\/li>\n\n\n\n<li>Martina Sanzi \u2013 Influenciadora digital.<\/li>\n\n\n\n<li>Matheus Martins \u2013 Ator, modelo e DJ.<\/li>\n\n\n\n<li>Michelle Barros \u2013 Jornalista e apresentadora.<\/li>\n\n\n\n<li>Nizam Hayek \u2013 Ex-BBB e rep\u00f3rter.<\/li>\n\n\n\n<li>Rayane Figliuzzi \u2013 Influenciadora digital.<\/li>\n\n\n\n<li>Saory Cardoso \u2013 Dentista e influenciadora digital.<\/li>\n\n\n\n<li>Shia Phoenix \u2013 Ator e cantor.<\/li>\n\n\n\n<li>T\u00e0mires Ass\u00ees \u2013 Influenciadora digital.<\/li>\n\n\n\n<li>Toninho Tornado \u2013 Comediante.<\/li>\n\n\n\n<li>Wal\u00e9rio Ara\u00fajo \u2013 Estilista.<\/li>\n\n\n\n<li>Wallas Arraos \u2013 Cantor e multi-instrumentista.<\/li>\n\n\n\n<li>Will Guimar\u00e3es \u2013 DJ, modelo e influenciador digital.<\/li>\n\n\n\n<li>Yon\u00e1 Sousa \u2013 Influenciadora digital.<\/li>\n<\/ul>\n","protected":false},"excerpt":{"rendered":"<p>Carol Lekker e Rayane Figliuzzi se envolveram em uma forte discuss\u00e3o na manh\u00e3 desta ter\u00e7a-feira em A Fazenda 2025, reality show exibido pela Record TV. A confus\u00e3o come\u00e7ou enquanto Carol cuidava das plantas e Gaby Spanic se aproximava para registrar o momento no c\u00e2mera-trato. Ao notar que Rayane veio ajud\u00e1-la, Carol afirmou que a colega [&hellip;]<\/p>\n","protected":false},"author":4,"featured_media":5654,"comment_status":"open","ping_status":"open","sticky":false,"template":"","format":"standard","meta":{"jnews-multi-image_gallery":[],"jnews_single_post":{"format":"standard"},"jnews_primary_category":[],"jnews_social_meta":[],"jnews_post_split":[],"footnotes":""},"categories":[1],"tags":[],"class_list":["post-5651","post","type-post","status-publish","format-standard","has-post-thumbnail","hentry","category-uncategorized"],"_links":{"self":[{"href":"https:\/\/diariodepernambuco.audiencelabs.com.br\/wp-json\/wp\/v2\/posts\/5651","targetHints":{"allow":["GET"]}}],"collection":[{"href":"https:\/\/diariodepernambuco.audiencelabs.com.br\/wp-json\/wp\/v2\/posts"}],"about":[{"href":"https:\/\/diariodepernambuco.audiencelabs.com.br\/wp-json\/wp\/v2\/types\/post"}],"author":[{"embeddable":true,"href":"https:\/\/diariodepernambuco.audiencelabs.com.br\/wp-json\/wp\/v2\/users\/4"}],"replies":[{"embeddable":true,"href":"https:\/\/diariodepernambuco.audiencelabs.com.br\/wp-json\/wp\/v2\/comments?post=5651"}],"version-history":[{"count":3,"href":"https:\/\/diariodepernambuco.audiencelabs.com.br\/wp-json\/wp\/v2\/posts\/5651\/revisions"}],"predecessor-version":[{"id":5657,"href":"https:\/\/diariodepernambuco.audiencelabs.com.br\/wp-json\/wp\/v2\/posts\/5651\/revisions\/5657"}],"wp:featuredmedia":[{"embeddable":true,"href":"https:\/\/diariodepernambuco.audiencelabs.com.br\/wp-json\/wp\/v2\/media\/5654"}],"wp:attachment":[{"href":"https:\/\/diariodepernambuco.audiencelabs.com.br\/wp-json\/wp\/v2\/media?parent=5651"}],"wp:term":[{"taxonomy":"category","embeddable":true,"href":"https:\/\/diariodepernambuco.audiencelabs.com.br\/wp-json\/wp\/v2\/categories?post=5651"},{"taxonomy":"post_tag","embeddable":true,"href":"https:\/\/diariodepernambuco.audiencelabs.com.br\/wp-json\/wp\/v2\/tags?post=5651"}],"curies":[{"name":"wp","href":"https:\/\/api.w.org\/{rel}","templated":true}]}}