{"id":5660,"date":"2025-10-08T18:30:00","date_gmt":"2025-10-08T21:30:00","guid":{"rendered":"https:\/\/diariodepernambuco.audiencelabs.com.br\/?p=5660"},"modified":"2025-10-07T16:39:58","modified_gmt":"2025-10-07T19:39:58","slug":"netflix-confirma-encerramento-nos-proximos-dias","status":"publish","type":"post","link":"https:\/\/diariodepernambuco.audiencelabs.com.br\/netflix-confirma-encerramento-nos-proximos-dias\/","title":{"rendered":"Netflix confirma encerramento nos pr\u00f3ximos dias"},"content":{"rendered":"\n<p>A Netflix anunciou que o plano b\u00e1sico sem an\u00fancios ser\u00e1 encerrado em breve, come\u00e7ando a enviar notifica\u00e7\u00f5es aos assinantes para informar sobre a mudan\u00e7a. A medida, que entrar\u00e1 em vigor no dia 12 de outubro, marca uma reestrutura\u00e7\u00e3o nos planos da plataforma, e os usu\u00e1rios precisar\u00e3o escolher alternativas dispon\u00edveis para continuar acessando os conte\u00fados sem interrup\u00e7\u00f5es.<\/p>\n\n\n\n<p>De acordo com as mensagens enviadas aos assinantes, quem estiver no plano b\u00e1sico sem an\u00fancios ter\u00e1 que migrar para outra modalidade, como o plano com an\u00fancios ou os planos padr\u00e3o e premium, que oferecem diferentes recursos e pre\u00e7os. A Netflix justifica a mudan\u00e7a como parte de uma estrat\u00e9gia para equilibrar os custos de produ\u00e7\u00e3o de conte\u00fado e melhorar a experi\u00eancia geral na plataforma.<\/p>\n\n\n\n<p>Os assinantes s\u00e3o orientados a verificar suas op\u00e7\u00f5es antes do dia 12 de outubro para evitar interrup\u00e7\u00f5es no servi\u00e7o. Al\u00e9m disso, a empresa informou que continuar\u00e1 oferecendo suporte e esclarecimentos por meio do aplicativo e do site oficial, ajudando os usu\u00e1rios a escolherem o plano mais adequado \u00e0s suas necessidades.<\/p>\n\n\n\n<p>A decis\u00e3o gerou insatisfa\u00e7\u00e3o em parte dos clientes, que consideram o novo formato menos atraente devido \u00e0s interrup\u00e7\u00f5es. Mesmo assim, a Netflix argumenta que a padroniza\u00e7\u00e3o dos planos torna o servi\u00e7o mais acess\u00edvel e competitivo, al\u00e9m de simplificar a gest\u00e3o das assinaturas em diferentes mercados.<\/p>\n\n\n\n<h2 class=\"wp-block-heading\">Como migrar de plano na Netflix<\/h2>\n\n\n\n<p><strong>Pelo computador:<\/strong><\/p>\n\n\n\n<ul class=\"wp-block-list\">\n<li>Acesse o site da Netflix e fa\u00e7a login na sua conta.<\/li>\n\n\n\n<li>Clique na sua foto de perfil, no canto superior direito, e selecione Conta.<\/li>\n\n\n\n<li>Na se\u00e7\u00e3o Assinatura e cobran\u00e7a, clique em Alterar plano.<\/li>\n\n\n\n<li>Escolha o plano desejado (com ou sem an\u00fancios, padr\u00e3o ou premium) e clique em Continuar.<\/li>\n\n\n\n<li>Confirme a mudan\u00e7a. A altera\u00e7\u00e3o de plano ser\u00e1 aplicada imediatamente ou na pr\u00f3xima data de cobran\u00e7a, dependendo do caso.<\/li>\n<\/ul>\n\n\n\n<p><strong>Pelo celular ou tablet:<\/strong><\/p>\n\n\n\n<ul class=\"wp-block-list\">\n<li>Abra o aplicativo da Netflix e toque no \u00edcone de Mais (tr\u00eas linhas ou pontos).<\/li>\n\n\n\n<li>Selecione Conta (ser\u00e1 aberta a p\u00e1gina da web).<\/li>\n\n\n\n<li>Toque em Alterar plano.<\/li>\n\n\n\n<li>Escolha o novo plano e confirme a altera\u00e7\u00e3o.<\/li>\n<\/ul>\n\n\n\n<p><\/p>\n","protected":false},"excerpt":{"rendered":"<p>A Netflix anunciou que o plano b\u00e1sico sem an\u00fancios ser\u00e1 encerrado em breve, come\u00e7ando a enviar notifica\u00e7\u00f5es aos assinantes para informar sobre a mudan\u00e7a. A medida, que entrar\u00e1 em vigor no dia 12 de outubro, marca uma reestrutura\u00e7\u00e3o nos planos da plataforma, e os usu\u00e1rios precisar\u00e3o escolher alternativas dispon\u00edveis para continuar acessando os conte\u00fados sem [&hellip;]<\/p>\n","protected":false},"author":4,"featured_media":5260,"comment_status":"open","ping_status":"open","sticky":false,"template":"","format":"standard","meta":{"jnews-multi-image_gallery":[],"jnews_single_post":{"format":"standard"},"jnews_primary_category":[],"jnews_social_meta":[],"jnews_post_split":[],"footnotes":""},"categories":[1],"tags":[],"class_list":["post-5660","post","type-post","status-publish","format-standard","has-post-thumbnail","hentry","category-uncategorized"],"_links":{"self":[{"href":"https:\/\/diariodepernambuco.audiencelabs.com.br\/wp-json\/wp\/v2\/posts\/5660","targetHints":{"allow":["GET"]}}],"collection":[{"href":"https:\/\/diariodepernambuco.audiencelabs.com.br\/wp-json\/wp\/v2\/posts"}],"about":[{"href":"https:\/\/diariodepernambuco.audiencelabs.com.br\/wp-json\/wp\/v2\/types\/post"}],"author":[{"embeddable":true,"href":"https:\/\/diariodepernambuco.audiencelabs.com.br\/wp-json\/wp\/v2\/users\/4"}],"replies":[{"embeddable":true,"href":"https:\/\/diariodepernambuco.audiencelabs.com.br\/wp-json\/wp\/v2\/comments?post=5660"}],"version-history":[{"count":2,"href":"https:\/\/diariodepernambuco.audiencelabs.com.br\/wp-json\/wp\/v2\/posts\/5660\/revisions"}],"predecessor-version":[{"id":5662,"href":"https:\/\/diariodepernambuco.audiencelabs.com.br\/wp-json\/wp\/v2\/posts\/5660\/revisions\/5662"}],"wp:featuredmedia":[{"embeddable":true,"href":"https:\/\/diariodepernambuco.audiencelabs.com.br\/wp-json\/wp\/v2\/media\/5260"}],"wp:attachment":[{"href":"https:\/\/diariodepernambuco.audiencelabs.com.br\/wp-json\/wp\/v2\/media?parent=5660"}],"wp:term":[{"taxonomy":"category","embeddable":true,"href":"https:\/\/diariodepernambuco.audiencelabs.com.br\/wp-json\/wp\/v2\/categories?post=5660"},{"taxonomy":"post_tag","embeddable":true,"href":"https:\/\/diariodepernambuco.audiencelabs.com.br\/wp-json\/wp\/v2\/tags?post=5660"}],"curies":[{"name":"wp","href":"https:\/\/api.w.org\/{rel}","templated":true}]}}