{"id":5668,"date":"2025-10-08T20:00:00","date_gmt":"2025-10-08T23:00:00","guid":{"rendered":"https:\/\/diariodepernambuco.audiencelabs.com.br\/?p=5668"},"modified":"2025-10-07T16:53:16","modified_gmt":"2025-10-07T19:53:16","slug":"grande-multirao-chegou-com-38-vagas-de-emprego","status":"publish","type":"post","link":"https:\/\/diariodepernambuco.audiencelabs.com.br\/grande-multirao-chegou-com-38-vagas-de-emprego\/","title":{"rendered":"Grande multir\u00e3o chegou com 38 vagas de emprego"},"content":{"rendered":"\n<p>O programa Emprega Franca promoveu, na \u00faltima segunda-feira (6), um processo seletivo para 38 vagas de emprego em uma rede de supermercados local. A sele\u00e7\u00e3o aconteceu das 9h \u00e0s 14h, na sede do programa, e ofereceu uma grande oportunidade, j\u00e1 que as vagas exigiam apenas ensino fundamental completo e n\u00e3o requeriam experi\u00eancia pr\u00e9via na fun\u00e7\u00e3o.<\/p>\n\n\n\n<p>O processo seletivo tamb\u00e9m foi inclusivo, com vagas destinadas a pessoas com 50 anos ou mais e a pessoas com defici\u00eancia (PCD). Entre as oportunidades oferecidas estavam 8 vagas para operador de caixa, 7 para repositor de mercearia, 3 para padeiro, 2 para a\u00e7ougueiro, al\u00e9m de postos para empacotador, confeiteiro, fiscal de caixa e outras fun\u00e7\u00f5es.<\/p>\n\n\n\n<p>A Prefeitura tamb\u00e9m informou que realizar\u00e1 mais uma edi\u00e7\u00e3o do Dia de Oportunidade, um feir\u00e3o de empregos que reunir\u00e1 diversas empresas. O evento acontecer\u00e1 em duas datas e locais diferentes: no dia 9 de outubro, quinta-feira, no shopping de Franca, e no dia 14, ter\u00e7a-feira, no Centro Universit\u00e1rio Municipal de Franca (Uni-Facef).<\/p>\n\n\n\n<p>Os dois eventos acontecer\u00e3o das 9h \u00e0s 14h e oferecer\u00e3o vagas para candidatos de todos os n\u00edveis de escolaridade. Os interessados devem comparecer aos locais selecionados com documentos pessoais e curr\u00edculo atualizado.<\/p>\n\n\n\n<h2 class=\"wp-block-heading\">Dicas para montar um bom curr\u00edculo<\/h2>\n\n\n\n<ul class=\"wp-block-list\">\n<li>Seja objetivo e claro \u2013 Mantenha o curr\u00edculo direto, destacando informa\u00e7\u00f5es relevantes e evitando textos longos. Uma ou duas p\u00e1ginas s\u00e3o suficientes na maioria dos casos.<\/li>\n<\/ul>\n\n\n\n<ul class=\"wp-block-list\">\n<li>Informa\u00e7\u00f5es de contato atualizadas \u2013 Inclua telefone, e-mail profissional e, se for relevante, perfil no LinkedIn.<\/li>\n<\/ul>\n\n\n\n<ul class=\"wp-block-list\">\n<li>Resumo profissional \u2013 Escreva um breve resumo destacando suas principais habilidades, experi\u00eancias e objetivos de carreira.<\/li>\n<\/ul>\n\n\n\n<ul class=\"wp-block-list\">\n<li>Experi\u00eancia profissional \u2013 Liste empregos anteriores em ordem cronol\u00f3gica, descrevendo fun\u00e7\u00f5es e conquistas com verbos de a\u00e7\u00e3o, como \u201corganizei\u201d, \u201ccoordenei\u201d ou \u201cimplementei\u201d.<\/li>\n<\/ul>\n\n\n\n<ul class=\"wp-block-list\">\n<li>Educa\u00e7\u00e3o e qualifica\u00e7\u00e3o \u2013 Informe cursos, forma\u00e7\u00f5es e certifica\u00e7\u00f5es relevantes para a vaga.<\/li>\n<\/ul>\n\n\n\n<ul class=\"wp-block-list\">\n<li>Habilidades \u2013 Destaque compet\u00eancias t\u00e9cnicas e interpessoais relacionadas \u00e0 posi\u00e7\u00e3o desejada, como dom\u00ednio de softwares, idiomas ou trabalho em equipe.<\/li>\n<\/ul>\n\n\n\n<ul class=\"wp-block-list\">\n<li>Layout limpo e organizado \u2013 Use fontes leg\u00edveis, espa\u00e7amento adequado e t\u00f3picos claros para facilitar a leitura.<\/li>\n<\/ul>\n\n\n\n<ul class=\"wp-block-list\">\n<li>Adapte para cada vaga \u2013 Personalize o curr\u00edculo de acordo com a descri\u00e7\u00e3o da vaga, ressaltando experi\u00eancias e habilidades mais pertinentes.<\/li>\n<\/ul>\n\n\n\n<ul class=\"wp-block-list\">\n<li>Evite informa\u00e7\u00f5es irrelevantes \u2013 N\u00e3o inclua dados pessoais desnecess\u00e1rios, como estado civil ou n\u00famero de documentos.<\/li>\n<\/ul>\n\n\n\n<p><\/p>\n","protected":false},"excerpt":{"rendered":"<p>O programa Emprega Franca promoveu, na \u00faltima segunda-feira (6), um processo seletivo para 38 vagas de emprego em uma rede de supermercados local. A sele\u00e7\u00e3o aconteceu das 9h \u00e0s 14h, na sede do programa, e ofereceu uma grande oportunidade, j\u00e1 que as vagas exigiam apenas ensino fundamental completo e n\u00e3o requeriam experi\u00eancia pr\u00e9via na fun\u00e7\u00e3o. [&hellip;]<\/p>\n","protected":false},"author":4,"featured_media":1834,"comment_status":"open","ping_status":"open","sticky":false,"template":"","format":"standard","meta":{"jnews-multi-image_gallery":[],"jnews_single_post":[],"jnews_primary_category":[],"jnews_social_meta":[],"jnews_post_split":[],"footnotes":""},"categories":[1],"tags":[],"class_list":["post-5668","post","type-post","status-publish","format-standard","has-post-thumbnail","hentry","category-uncategorized"],"_links":{"self":[{"href":"https:\/\/diariodepernambuco.audiencelabs.com.br\/wp-json\/wp\/v2\/posts\/5668","targetHints":{"allow":["GET"]}}],"collection":[{"href":"https:\/\/diariodepernambuco.audiencelabs.com.br\/wp-json\/wp\/v2\/posts"}],"about":[{"href":"https:\/\/diariodepernambuco.audiencelabs.com.br\/wp-json\/wp\/v2\/types\/post"}],"author":[{"embeddable":true,"href":"https:\/\/diariodepernambuco.audiencelabs.com.br\/wp-json\/wp\/v2\/users\/4"}],"replies":[{"embeddable":true,"href":"https:\/\/diariodepernambuco.audiencelabs.com.br\/wp-json\/wp\/v2\/comments?post=5668"}],"version-history":[{"count":2,"href":"https:\/\/diariodepernambuco.audiencelabs.com.br\/wp-json\/wp\/v2\/posts\/5668\/revisions"}],"predecessor-version":[{"id":5670,"href":"https:\/\/diariodepernambuco.audiencelabs.com.br\/wp-json\/wp\/v2\/posts\/5668\/revisions\/5670"}],"wp:featuredmedia":[{"embeddable":true,"href":"https:\/\/diariodepernambuco.audiencelabs.com.br\/wp-json\/wp\/v2\/media\/1834"}],"wp:attachment":[{"href":"https:\/\/diariodepernambuco.audiencelabs.com.br\/wp-json\/wp\/v2\/media?parent=5668"}],"wp:term":[{"taxonomy":"category","embeddable":true,"href":"https:\/\/diariodepernambuco.audiencelabs.com.br\/wp-json\/wp\/v2\/categories?post=5668"},{"taxonomy":"post_tag","embeddable":true,"href":"https:\/\/diariodepernambuco.audiencelabs.com.br\/wp-json\/wp\/v2\/tags?post=5668"}],"curies":[{"name":"wp","href":"https:\/\/api.w.org\/{rel}","templated":true}]}}