{"id":5694,"date":"2025-10-11T14:40:00","date_gmt":"2025-10-11T17:40:00","guid":{"rendered":"https:\/\/diariodepernambuco.audiencelabs.com.br\/?p=5694"},"modified":"2025-10-07T20:25:51","modified_gmt":"2025-10-07T23:25:51","slug":"grande-substancia-que-pode-salvar-brasileiros-do-metanol-acaba-de-chegar-no-pais","status":"publish","type":"post","link":"https:\/\/diariodepernambuco.audiencelabs.com.br\/grande-substancia-que-pode-salvar-brasileiros-do-metanol-acaba-de-chegar-no-pais\/","title":{"rendered":"Grande subst\u00e2ncia que pode salvar brasileiros do metanol acaba de chegar no pa\u00eds"},"content":{"rendered":"\n<p>A distribui\u00e7\u00e3o do ant\u00eddoto para intoxica\u00e7\u00e3o por metanol j\u00e1 est\u00e1 em andamento em cinco estados brasileiros: Pernambuco, Paran\u00e1, Bahia, Distrito Federal e Mato Grosso do Sul. Desde 2 de outubro, essas regi\u00f5es receberam um total de 580 ampolas de etanol farmac\u00eautico, em resposta ao aumento dos casos relacionados a bebidas alco\u00f3licas adulteradas.<\/p>\n\n\n\n<p>O Minist\u00e9rio da Sa\u00fade adotou medidas r\u00e1pidas, fornecendo etanol farmac\u00eautico, fundamental no tratamento de intoxica\u00e7\u00f5es por metanol. Al\u00e9m disso, anunciou a aquisi\u00e7\u00e3o de 12 mil unidades desse ant\u00eddoto e 2,5 mil doses de fomepizol, em parceria com ag\u00eancias internacionais, garantindo um estoque suficiente para tratar os casos emergentes e prevenir novos surtos.<\/p>\n\n\n\n<p>A Ag\u00eancia Nacional de Vigil\u00e2ncia Sanit\u00e1ria (Anvisa) identificou 604 farm\u00e1cias de manipula\u00e7\u00e3o habilitadas a produzir etanol farmac\u00eautico, garantindo cobertura em todas as capitais e acesso r\u00e1pido ao ant\u00eddoto em todo o pa\u00eds.<\/p>\n\n\n\n<p>Paralelamente, a Rede Nacional de Laborat\u00f3rios de Vigil\u00e2ncia Sanit\u00e1ria (RNLVISA), incluindo o Instituto Nacional de Controle de Qualidade em Sa\u00fade e o Laborat\u00f3rio Municipal de S\u00e3o Paulo, mobilizou-se para realizar an\u00e1lises \u00e1geis e refor\u00e7ar a resposta m\u00e9dica.<\/p>\n\n\n\n<h2 class=\"wp-block-heading\">O que acontece ao ingerir Metanol<\/h2>\n\n\n\n<p>A ingest\u00e3o de metanol \u00e9 extremamente perigosa e pode ser fatal, mesmo em pequenas quantidades. Esse tipo de \u00e1lcool (tamb\u00e9m chamado de \u00e1lcool met\u00edlico) \u00e9 usado em produtos industriais \u2014 como solventes, combust\u00edveis e anticongelantes \u2014 e n\u00e3o deve ser consumido por humanos.<\/p>\n\n\n\n<p>Veja o que acontece no organismo ap\u00f3s a ingest\u00e3o:<\/p>\n\n\n\n<ol class=\"wp-block-list\">\n<li>Metaboliza\u00e7\u00e3o t\u00f3xica:<\/li>\n<\/ol>\n\n\n\n<ul class=\"wp-block-list\">\n<li>O f\u00edgado converte o metanol em duas subst\u00e2ncias altamente t\u00f3xicas \u2014 formalde\u00eddo e \u00e1cido f\u00f3rmico. Essas subst\u00e2ncias causam acidose metab\u00f3lica grave (altera\u00e7\u00e3o perigosa no equil\u00edbrio do sangue).<\/li>\n<\/ul>\n\n\n\n<ol start=\"2\" class=\"wp-block-list\">\n<li>Sintomas iniciais (entre 1 e 12 horas ap\u00f3s a ingest\u00e3o):<\/li>\n<\/ol>\n\n\n\n<ul class=\"wp-block-list\">\n<li>Dor de cabe\u00e7a<\/li>\n\n\n\n<li>N\u00e1usea e v\u00f4mito<\/li>\n\n\n\n<li>Tontura<\/li>\n\n\n\n<li>Fraqueza<\/li>\n\n\n\n<li>Confus\u00e3o mental<\/li>\n<\/ul>\n\n\n\n<ol start=\"3\" class=\"wp-block-list\">\n<li>Sintomas graves (entre 12 e 24 horas):<\/li>\n<\/ol>\n\n\n\n<ul class=\"wp-block-list\">\n<li>Perda da vis\u00e3o (o metanol destr\u00f3i o nervo \u00f3ptico)<\/li>\n\n\n\n<li>Dificuldade para respirar<\/li>\n\n\n\n<li>Convuls\u00f5es<\/li>\n\n\n\n<li>Coma<\/li>\n\n\n\n<li>Morte, se n\u00e3o houver tratamento r\u00e1pido<\/li>\n<\/ul>\n\n\n\n<ol start=\"4\" class=\"wp-block-list\">\n<li>Tratamento:<\/li>\n<\/ol>\n\n\n\n<ul class=\"wp-block-list\">\n<li>O ant\u00eddoto \u00e9 o etanol farmac\u00eautico ou o fomepizol, que impedem o corpo de metabolizar o metanol em subst\u00e2ncias t\u00f3xicas. O tratamento hospitalar tamb\u00e9m inclui hemodi\u00e1lise para eliminar o metanol do sangue e corre\u00e7\u00e3o da acidose.<\/li>\n<\/ul>\n\n\n\n<p><\/p>\n","protected":false},"excerpt":{"rendered":"<p>A distribui\u00e7\u00e3o do ant\u00eddoto para intoxica\u00e7\u00e3o por metanol j\u00e1 est\u00e1 em andamento em cinco estados brasileiros: Pernambuco, Paran\u00e1, Bahia, Distrito Federal e Mato Grosso do Sul. Desde 2 de outubro, essas regi\u00f5es receberam um total de 580 ampolas de etanol farmac\u00eautico, em resposta ao aumento dos casos relacionados a bebidas alco\u00f3licas adulteradas. O Minist\u00e9rio da [&hellip;]<\/p>\n","protected":false},"author":4,"featured_media":5312,"comment_status":"open","ping_status":"open","sticky":false,"template":"","format":"standard","meta":{"jnews-multi-image_gallery":[],"jnews_single_post":{"format":"standard"},"jnews_primary_category":[],"jnews_social_meta":[],"jnews_post_split":[],"footnotes":""},"categories":[1],"tags":[],"class_list":["post-5694","post","type-post","status-publish","format-standard","has-post-thumbnail","hentry","category-uncategorized"],"_links":{"self":[{"href":"https:\/\/diariodepernambuco.audiencelabs.com.br\/wp-json\/wp\/v2\/posts\/5694","targetHints":{"allow":["GET"]}}],"collection":[{"href":"https:\/\/diariodepernambuco.audiencelabs.com.br\/wp-json\/wp\/v2\/posts"}],"about":[{"href":"https:\/\/diariodepernambuco.audiencelabs.com.br\/wp-json\/wp\/v2\/types\/post"}],"author":[{"embeddable":true,"href":"https:\/\/diariodepernambuco.audiencelabs.com.br\/wp-json\/wp\/v2\/users\/4"}],"replies":[{"embeddable":true,"href":"https:\/\/diariodepernambuco.audiencelabs.com.br\/wp-json\/wp\/v2\/comments?post=5694"}],"version-history":[{"count":2,"href":"https:\/\/diariodepernambuco.audiencelabs.com.br\/wp-json\/wp\/v2\/posts\/5694\/revisions"}],"predecessor-version":[{"id":5697,"href":"https:\/\/diariodepernambuco.audiencelabs.com.br\/wp-json\/wp\/v2\/posts\/5694\/revisions\/5697"}],"wp:featuredmedia":[{"embeddable":true,"href":"https:\/\/diariodepernambuco.audiencelabs.com.br\/wp-json\/wp\/v2\/media\/5312"}],"wp:attachment":[{"href":"https:\/\/diariodepernambuco.audiencelabs.com.br\/wp-json\/wp\/v2\/media?parent=5694"}],"wp:term":[{"taxonomy":"category","embeddable":true,"href":"https:\/\/diariodepernambuco.audiencelabs.com.br\/wp-json\/wp\/v2\/categories?post=5694"},{"taxonomy":"post_tag","embeddable":true,"href":"https:\/\/diariodepernambuco.audiencelabs.com.br\/wp-json\/wp\/v2\/tags?post=5694"}],"curies":[{"name":"wp","href":"https:\/\/api.w.org\/{rel}","templated":true}]}}