{"id":5727,"date":"2025-10-09T12:30:00","date_gmt":"2025-10-09T15:30:00","guid":{"rendered":"https:\/\/diariodepernambuco.audiencelabs.com.br\/?p=5727"},"modified":"2025-10-08T09:04:52","modified_gmt":"2025-10-08T12:04:52","slug":"agora-foi-confirmado-e-verdade-que-cafe-faz-mal-pro-coracao","status":"publish","type":"post","link":"https:\/\/diariodepernambuco.audiencelabs.com.br\/agora-foi-confirmado-e-verdade-que-cafe-faz-mal-pro-coracao\/","title":{"rendered":"Agora foi confirmado! \u00c9 verdade que caf\u00e9 faz mal pro cora\u00e7\u00e3o?"},"content":{"rendered":"\n<p>Nos \u00faltimos dias, uma not\u00edcia sobre os efeitos do caf\u00e9 no cora\u00e7\u00e3o se espalhou rapidamente pelas redes sociais, deixando muitas pessoas preocupadas com o consumo da bebida. Mensagens alarmantes afirmavam que o caf\u00e9 poderia causar s\u00e9rios problemas card\u00edacos, gerando medo entre os apreciadores da bebida.<\/p>\n\n\n\n<p>No entanto, essas informa\u00e7\u00f5es n\u00e3o passam de fake news: estudos cient\u00edficos confi\u00e1veis mostram que, quando consumido com modera\u00e7\u00e3o, o caf\u00e9 n\u00e3o representa risco para a sa\u00fade do cora\u00e7\u00e3o. Na realidade, o consumo moderado de caf\u00e9 (at\u00e9 4 x\u00edcaras por dia) pode reduzir o risco de doen\u00e7as card\u00edacas, ajudando no funcionamento cardiovascular.<\/p>\n\n\n\n<p>Al\u00e9m disso, o caf\u00e9 cont\u00e9m antioxidantes e compostos bioativos que podem trazer benef\u00edcios ao organismo, como melhorar a circula\u00e7\u00e3o, reduzir inflama\u00e7\u00f5es e at\u00e9 contribuir para a preven\u00e7\u00e3o de algumas doen\u00e7as cr\u00f4nicas.<\/p>\n\n\n\n<p>\u00c9 importante lembrar, por\u00e9m, que exageros ou o consumo em excesso podem gerar efeitos indesejados, como aumento tempor\u00e1rio da press\u00e3o arterial ou palpita\u00e7\u00f5es em pessoas sens\u00edveis \u00e0 cafe\u00edna. Assim, o que se espalhou como alerta alarmante nas redes sociais n\u00e3o tem respaldo cient\u00edfico: o caf\u00e9, consumido com equil\u00edbrio, continua sendo uma bebida segura e at\u00e9 ben\u00e9fica para o cora\u00e7\u00e3o.<\/p>\n\n\n\n<h2 class=\"wp-block-heading\">Os benef\u00edcios do caf\u00e9 ao organismo<\/h2>\n\n\n\n<p>O caf\u00e9 vai muito al\u00e9m de seu efeito estimulante; quando consumido com modera\u00e7\u00e3o, ele pode trazer diversos benef\u00edcios para o organismo:<\/p>\n\n\n\n<ul class=\"wp-block-list\">\n<li>Estimula o sistema nervoso central: A cafe\u00edna aumenta a aten\u00e7\u00e3o, a concentra\u00e7\u00e3o e reduz a sensa\u00e7\u00e3o de cansa\u00e7o.<\/li>\n<\/ul>\n\n\n\n<ul class=\"wp-block-list\">\n<li>A\u00e7\u00e3o antioxidante: Cont\u00e9m compostos que ajudam a combater os radicais livres, protegendo c\u00e9lulas e \u00f3rg\u00e3os contra danos.<\/li>\n<\/ul>\n\n\n\n<ul class=\"wp-block-list\">\n<li>Melhora o metabolismo: Pode acelerar o metabolismo e auxiliar na queima de gordura de forma moderada.<\/li>\n<\/ul>\n\n\n\n<ul class=\"wp-block-list\">\n<li>Prote\u00e7\u00e3o cardiovascular: Estudos indicam que o consumo moderado de caf\u00e9 pode reduzir o risco de doen\u00e7as do cora\u00e7\u00e3o e derrames.<\/li>\n<\/ul>\n\n\n\n<ul class=\"wp-block-list\">\n<li>Redu\u00e7\u00e3o do risco de algumas doen\u00e7as: H\u00e1 evid\u00eancias de que o caf\u00e9 pode contribuir para a preven\u00e7\u00e3o de diabetes tipo 2, doen\u00e7as neurodegenerativas, como Alzheimer e Parkinson, e certos tipos de c\u00e2ncer.<\/li>\n<\/ul>\n\n\n\n<ul class=\"wp-block-list\">\n<li>Aux\u00edlio na performance f\u00edsica: A cafe\u00edna pode melhorar a resist\u00eancia e o desempenho em atividades f\u00edsicas.<\/li>\n<\/ul>\n\n\n\n<p><\/p>\n","protected":false},"excerpt":{"rendered":"<p>Nos \u00faltimos dias, uma not\u00edcia sobre os efeitos do caf\u00e9 no cora\u00e7\u00e3o se espalhou rapidamente pelas redes sociais, deixando muitas pessoas preocupadas com o consumo da bebida. Mensagens alarmantes afirmavam que o caf\u00e9 poderia causar s\u00e9rios problemas card\u00edacos, gerando medo entre os apreciadores da bebida. No entanto, essas informa\u00e7\u00f5es n\u00e3o passam de fake news: estudos [&hellip;]<\/p>\n","protected":false},"author":4,"featured_media":3107,"comment_status":"open","ping_status":"open","sticky":false,"template":"","format":"standard","meta":{"jnews-multi-image_gallery":[],"jnews_single_post":{"format":"standard"},"jnews_primary_category":[],"jnews_social_meta":[],"jnews_post_split":[],"footnotes":""},"categories":[1],"tags":[],"class_list":["post-5727","post","type-post","status-publish","format-standard","has-post-thumbnail","hentry","category-uncategorized"],"_links":{"self":[{"href":"https:\/\/diariodepernambuco.audiencelabs.com.br\/wp-json\/wp\/v2\/posts\/5727","targetHints":{"allow":["GET"]}}],"collection":[{"href":"https:\/\/diariodepernambuco.audiencelabs.com.br\/wp-json\/wp\/v2\/posts"}],"about":[{"href":"https:\/\/diariodepernambuco.audiencelabs.com.br\/wp-json\/wp\/v2\/types\/post"}],"author":[{"embeddable":true,"href":"https:\/\/diariodepernambuco.audiencelabs.com.br\/wp-json\/wp\/v2\/users\/4"}],"replies":[{"embeddable":true,"href":"https:\/\/diariodepernambuco.audiencelabs.com.br\/wp-json\/wp\/v2\/comments?post=5727"}],"version-history":[{"count":2,"href":"https:\/\/diariodepernambuco.audiencelabs.com.br\/wp-json\/wp\/v2\/posts\/5727\/revisions"}],"predecessor-version":[{"id":5730,"href":"https:\/\/diariodepernambuco.audiencelabs.com.br\/wp-json\/wp\/v2\/posts\/5727\/revisions\/5730"}],"wp:featuredmedia":[{"embeddable":true,"href":"https:\/\/diariodepernambuco.audiencelabs.com.br\/wp-json\/wp\/v2\/media\/3107"}],"wp:attachment":[{"href":"https:\/\/diariodepernambuco.audiencelabs.com.br\/wp-json\/wp\/v2\/media?parent=5727"}],"wp:term":[{"taxonomy":"category","embeddable":true,"href":"https:\/\/diariodepernambuco.audiencelabs.com.br\/wp-json\/wp\/v2\/categories?post=5727"},{"taxonomy":"post_tag","embeddable":true,"href":"https:\/\/diariodepernambuco.audiencelabs.com.br\/wp-json\/wp\/v2\/tags?post=5727"}],"curies":[{"name":"wp","href":"https:\/\/api.w.org\/{rel}","templated":true}]}}