{"id":5734,"date":"2025-10-09T14:00:00","date_gmt":"2025-10-09T17:00:00","guid":{"rendered":"https:\/\/diariodepernambuco.audiencelabs.com.br\/?p=5734"},"modified":"2025-10-08T09:27:05","modified_gmt":"2025-10-08T12:27:05","slug":"arrascaeta-foi-notificado-no-flamengo-esta-fora","status":"publish","type":"post","link":"https:\/\/diariodepernambuco.audiencelabs.com.br\/arrascaeta-foi-notificado-no-flamengo-esta-fora\/","title":{"rendered":"Arrascaeta foi notificado no Flamengo: est\u00e1 fora!"},"content":{"rendered":"\n<p>O meia Giorgian De Arrascaeta, \u00eddolo do Flamengo e atual vice-artilheiro do Campeonato Brasileiro com 14 gols anotados, um a menos que o atacante cruzeirense Kaio Jorge, foi comunicado de que n\u00e3o far\u00e1 parte do elenco da Sele\u00e7\u00e3o Uruguaia nos amistosos contra Rep\u00fablica Dominicana e Uzbequist\u00e3o nos dias 10 e 13 deste m\u00eas.<\/p>\n\n\n\n<p>No \u00faltimo domingo (5), o t\u00e9cnico Marcelo Bielsa divulgou a lista de 17 jogadores convocados para os compromissos da Data Fifa com outras grandes aus\u00eancias: Nicol\u00e1s de la Cruz, tamb\u00e9m do Flamengo, Joaqu\u00edn Piquerez, do Palmeiras, e Federico Valverde, do Real Madrid.<\/p>\n\n\n\n<p>Com o Uruguai classificado para a Copa do Mundo de 2026, o treinador optou por um elenco composto por jovens das categorias de base da Celeste aliado a nomes conhecidos dentro do futebol brasileiro como Puma Rodr\u00edguez, do Vasco, Emiliano Mart\u00ednez e Facundo Torres, ambos do Palmeiras, e Ignacio Laquintana, do RB Bragantino.<\/p>\n\n\n\n<p>Os dois jogos uruguaios ser\u00e3o disputados na Mal\u00e1sia. O duelo com a Rep\u00fablica Dominicana est\u00e1 marcado para \u00e0s 9h45 (de Bras\u00edlia) do dia 10. Tr\u00eas dias depois, a Celeste enfrenta o Uzbequist\u00e3o no mesmo hor\u00e1rio. Nas Eliminat\u00f3rias Sul-Americanas, o Uruguai foi o quarto colocado com 28 pontos conquistados, superando o Brasil na disputa.<\/p>\n\n\n\n<h2 class=\"wp-block-heading\">Os convocados pelo Uruguai para a Data FIFA<\/h2>\n\n\n\n<p>\ud83e\udde4 Goleiros: Franco Israel, Christopher Fiermarin;<br>\ud83d\udee1\ufe0f Defensores: Jos\u00e9 Luis (Puma) Rodr\u00edguez, Santiago Bueno, Santiago Mouri\u00f1o, Nicol\u00e1s Marichal, Marcelo Saracchi, Juan Manuel Sanabria e Nicol\u00e1s Fonseca;<br>\ud83e\udde0 Meio-campistas: Emiliano Mart\u00ednez, Kevin Amaro, Ignacio Laquintana, Rodrigo Zalazar;<br>\ud83c\udfaf Atacantes: Luciano Rodr\u00edguez, Facundo Torres, Federico Vi\u00f1as e Agust\u00edn \u00c1lvarez.<\/p>\n\n\n\n<p><\/p>\n","protected":false},"excerpt":{"rendered":"<p>O meia Giorgian De Arrascaeta, \u00eddolo do Flamengo e atual vice-artilheiro do Campeonato Brasileiro com 14 gols anotados, um a menos que o atacante cruzeirense Kaio Jorge, foi comunicado de que n\u00e3o far\u00e1 parte do elenco da Sele\u00e7\u00e3o Uruguaia nos amistosos contra Rep\u00fablica Dominicana e Uzbequist\u00e3o nos dias 10 e 13 deste m\u00eas. No \u00faltimo [&hellip;]<\/p>\n","protected":false},"author":4,"featured_media":5737,"comment_status":"open","ping_status":"open","sticky":false,"template":"","format":"standard","meta":{"jnews-multi-image_gallery":[],"jnews_single_post":{"format":"standard"},"jnews_primary_category":[],"jnews_social_meta":[],"jnews_post_split":[],"footnotes":""},"categories":[1],"tags":[],"class_list":["post-5734","post","type-post","status-publish","format-standard","has-post-thumbnail","hentry","category-uncategorized"],"_links":{"self":[{"href":"https:\/\/diariodepernambuco.audiencelabs.com.br\/wp-json\/wp\/v2\/posts\/5734","targetHints":{"allow":["GET"]}}],"collection":[{"href":"https:\/\/diariodepernambuco.audiencelabs.com.br\/wp-json\/wp\/v2\/posts"}],"about":[{"href":"https:\/\/diariodepernambuco.audiencelabs.com.br\/wp-json\/wp\/v2\/types\/post"}],"author":[{"embeddable":true,"href":"https:\/\/diariodepernambuco.audiencelabs.com.br\/wp-json\/wp\/v2\/users\/4"}],"replies":[{"embeddable":true,"href":"https:\/\/diariodepernambuco.audiencelabs.com.br\/wp-json\/wp\/v2\/comments?post=5734"}],"version-history":[{"count":2,"href":"https:\/\/diariodepernambuco.audiencelabs.com.br\/wp-json\/wp\/v2\/posts\/5734\/revisions"}],"predecessor-version":[{"id":5739,"href":"https:\/\/diariodepernambuco.audiencelabs.com.br\/wp-json\/wp\/v2\/posts\/5734\/revisions\/5739"}],"wp:featuredmedia":[{"embeddable":true,"href":"https:\/\/diariodepernambuco.audiencelabs.com.br\/wp-json\/wp\/v2\/media\/5737"}],"wp:attachment":[{"href":"https:\/\/diariodepernambuco.audiencelabs.com.br\/wp-json\/wp\/v2\/media?parent=5734"}],"wp:term":[{"taxonomy":"category","embeddable":true,"href":"https:\/\/diariodepernambuco.audiencelabs.com.br\/wp-json\/wp\/v2\/categories?post=5734"},{"taxonomy":"post_tag","embeddable":true,"href":"https:\/\/diariodepernambuco.audiencelabs.com.br\/wp-json\/wp\/v2\/tags?post=5734"}],"curies":[{"name":"wp","href":"https:\/\/api.w.org\/{rel}","templated":true}]}}