{"id":5740,"date":"2025-10-09T15:00:00","date_gmt":"2025-10-09T18:00:00","guid":{"rendered":"https:\/\/diariodepernambuco.audiencelabs.com.br\/?p=5740"},"modified":"2025-10-08T10:01:30","modified_gmt":"2025-10-08T13:01:30","slug":"fifa-elege-quais-sao-as-5-melhores-selecoes-do-mundo","status":"publish","type":"post","link":"https:\/\/diariodepernambuco.audiencelabs.com.br\/fifa-elege-quais-sao-as-5-melhores-selecoes-do-mundo\/","title":{"rendered":"FIFA elege quais s\u00e3o as 5 melhores sele\u00e7\u00f5es do mundo"},"content":{"rendered":"\n<p>Com 18 das 48 sele\u00e7\u00f5es que disputar\u00e3o a pr\u00f3xima Copa do Mundo j\u00e1 confirmadas, os pr\u00f3ximos dias podem definir outras 19 postulantes ao t\u00edtulo do mundial que ser\u00e1 disputado nos Estados Unidos, Canad\u00e1 e M\u00e9xico. Com a bola rolando mundo afora, a FIFA divulgou o seu mais novo ranking sem surpresas no p\u00f3dio.<\/p>\n\n\n\n<p>A primeira colocada permanece sendo a Espanha, atual campe\u00e3 da Eurocopa. Prestes a se classificar para a Copa, o time de estrelas como Lamine Yamal e Rodri tem 1875.37 pontos no ranking. Em seguida, vem a Fran\u00e7a de Kylian Mbapp\u00e9 com 1870.92. A Argentina, campe\u00e3 mundial em 2022, fecha o p\u00f3dia com 1870.32.<\/p>\n\n\n\n<p>Os &#8216;Hermanos&#8217; s\u00e3o os \u00fanicos de fora da Europa a aparecer no Top-5, que ainda conta com Inglaterra (1820.44) e Portugal (1779.55). O Brasil, \u00fanico pa\u00eds pentacampe\u00e3o do Mundo, aparece apenas na sexta coloca\u00e7\u00e3o com 1761.6 pontos. Holanda (1754.17), B\u00e9lgica (1739.54), Alemanha (1712.02) e It\u00e1lia (1710.06) completam o Top-10.<\/p>\n\n\n\n<p>Nesta Data FIFA, a Sele\u00e7\u00e3o Brasileira enfrenta a Coreia do Sul \u00e0s 08:00 (hor\u00e1rio de Bras\u00edlia) de sexta-feira (10) e o Jap\u00e3o, j\u00e1 na ter\u00e7a-feira (14), \u00e0s 07:30 (tamb\u00e9m de Bras\u00edlia). Estes ser\u00e3o os primeiros compromissos do t\u00e9cnico Carlo Ancelotti fora da Am\u00e9rica do Sul.<\/p>\n\n\n\n<h2 class=\"wp-block-heading\">As sele\u00e7\u00f5es j\u00e1 classificadas para a Copa de 2026<\/h2>\n\n\n\n<ul class=\"wp-block-list\">\n<li>Concacaf (seis vagas): Canad\u00e1, EUA e M\u00e9xico. (pa\u00edses-sede)<\/li>\n\n\n\n<li>Confedera\u00e7\u00e3o Africana de Futebol &#8211; CAF (nove vagas): Marrocos e Tun\u00edsia.<\/li>\n\n\n\n<li>Confedera\u00e7\u00e3o Asi\u00e1tica de Futebol &#8211; AFC (oito vagas): Ir\u00e3, Coreia do Sul, Jap\u00e3o, Uzbequist\u00e3o (estreante), Jord\u00e2nia (estreante) e Austr\u00e1lia.<\/li>\n\n\n\n<li>Conmebol (seis vagas): Argentina, Brasil, Uruguai, Col\u00f4mbia, Equador e Paraguai.<\/li>\n\n\n\n<li>Oceania &#8211; OFC (uma vaga): Nova Zel\u00e2ndia.<\/li>\n\n\n\n<li>Uefa (16 vagas): nenhuma definida ainda.<\/li>\n<\/ul>\n","protected":false},"excerpt":{"rendered":"<p>Com 18 das 48 sele\u00e7\u00f5es que disputar\u00e3o a pr\u00f3xima Copa do Mundo j\u00e1 confirmadas, os pr\u00f3ximos dias podem definir outras 19 postulantes ao t\u00edtulo do mundial que ser\u00e1 disputado nos Estados Unidos, Canad\u00e1 e M\u00e9xico. Com a bola rolando mundo afora, a FIFA divulgou o seu mais novo ranking sem surpresas no p\u00f3dio. A primeira [&hellip;]<\/p>\n","protected":false},"author":4,"featured_media":5741,"comment_status":"open","ping_status":"open","sticky":false,"template":"","format":"standard","meta":{"jnews-multi-image_gallery":[],"jnews_single_post":{"format":"standard"},"jnews_primary_category":[],"jnews_social_meta":[],"jnews_post_split":[],"footnotes":""},"categories":[1],"tags":[],"class_list":["post-5740","post","type-post","status-publish","format-standard","has-post-thumbnail","hentry","category-uncategorized"],"_links":{"self":[{"href":"https:\/\/diariodepernambuco.audiencelabs.com.br\/wp-json\/wp\/v2\/posts\/5740","targetHints":{"allow":["GET"]}}],"collection":[{"href":"https:\/\/diariodepernambuco.audiencelabs.com.br\/wp-json\/wp\/v2\/posts"}],"about":[{"href":"https:\/\/diariodepernambuco.audiencelabs.com.br\/wp-json\/wp\/v2\/types\/post"}],"author":[{"embeddable":true,"href":"https:\/\/diariodepernambuco.audiencelabs.com.br\/wp-json\/wp\/v2\/users\/4"}],"replies":[{"embeddable":true,"href":"https:\/\/diariodepernambuco.audiencelabs.com.br\/wp-json\/wp\/v2\/comments?post=5740"}],"version-history":[{"count":2,"href":"https:\/\/diariodepernambuco.audiencelabs.com.br\/wp-json\/wp\/v2\/posts\/5740\/revisions"}],"predecessor-version":[{"id":5745,"href":"https:\/\/diariodepernambuco.audiencelabs.com.br\/wp-json\/wp\/v2\/posts\/5740\/revisions\/5745"}],"wp:featuredmedia":[{"embeddable":true,"href":"https:\/\/diariodepernambuco.audiencelabs.com.br\/wp-json\/wp\/v2\/media\/5741"}],"wp:attachment":[{"href":"https:\/\/diariodepernambuco.audiencelabs.com.br\/wp-json\/wp\/v2\/media?parent=5740"}],"wp:term":[{"taxonomy":"category","embeddable":true,"href":"https:\/\/diariodepernambuco.audiencelabs.com.br\/wp-json\/wp\/v2\/categories?post=5740"},{"taxonomy":"post_tag","embeddable":true,"href":"https:\/\/diariodepernambuco.audiencelabs.com.br\/wp-json\/wp\/v2\/tags?post=5740"}],"curies":[{"name":"wp","href":"https:\/\/api.w.org\/{rel}","templated":true}]}}