{"id":5758,"date":"2025-10-09T15:30:00","date_gmt":"2025-10-09T18:30:00","guid":{"rendered":"https:\/\/diariodepernambuco.audiencelabs.com.br\/?p=5758"},"modified":"2025-10-08T11:32:40","modified_gmt":"2025-10-08T14:32:40","slug":"atencao-novidade-sobre-o-salario-minimo-de-2026","status":"publish","type":"post","link":"https:\/\/diariodepernambuco.audiencelabs.com.br\/atencao-novidade-sobre-o-salario-minimo-de-2026\/","title":{"rendered":"Aten\u00e7\u00e3o! Novidade sobre o sal\u00e1rio m\u00ednimo de 2026"},"content":{"rendered":"\n<p>O sal\u00e1rio m\u00ednimo previsto para 2026 \u00e9 de R$ 1.631, segundo o projeto da Lei Or\u00e7ament\u00e1ria Anual (PLOA), entregue pelo governo federal ao Congresso Nacional no final de setembro. O reajuste considera a infla\u00e7\u00e3o acumulada mais um ganho real de 2,5%. Atualmente, o valor do sal\u00e1rio m\u00ednimo \u00e9 de R$ 1.518.<\/p>\n\n\n\n<p>Segundo o PLOA (PLN 15\/2025), o Produto Interno Bruto (PIB) deve crescer 2,44% em 2026, enquanto a infla\u00e7\u00e3o prevista para o pr\u00f3ximo ano \u00e9 de 3,6%. O projeto tamb\u00e9m estabelece um teto para despesas prim\u00e1rias de R$ 2,428 trilh\u00f5es.<\/p>\n\n\n\n<p>Al\u00e9m disso, o projeto estabelece a meta de resultado prim\u00e1rio em R$ 34,3 bilh\u00f5es, correspondente a 0,25% do PIB, e garante o cumprimento dos pisos constitucionais: R$ 245,5 bilh\u00f5es para a sa\u00fade (15% da receita corrente l\u00edquida), R$ 133,7 bilh\u00f5es para a educa\u00e7\u00e3o (18% da receita l\u00edquida de impostos) e R$ 83 bilh\u00f5es destinados a investimentos (0,6% do PIB estimado para 2026).<\/p>\n\n\n\n<p>Para assegurar que o Or\u00e7amento de 2026 seja aprovado ainda este ano \u2014 ao contr\u00e1rio do ocorrido com o Or\u00e7amento de 2025, que s\u00f3 foi aprovado em abril \u2014, os parlamentares j\u00e1 est\u00e3o na etapa final de an\u00e1lise da Lei de Diretrizes Or\u00e7ament\u00e1rias (LDO) de 2026.<\/p>\n\n\n\n<p>O reajuste do sal\u00e1rio m\u00ednimo impacta diretamente milh\u00f5es de trabalhadores, aposentados e benefici\u00e1rios de programas sociais que t\u00eam seus pagamentos vinculados ao valor m\u00ednimo. Com o aumento, tamb\u00e9m h\u00e1 efeito sobre o poder de compra, podendo refletir no consumo, na arrecada\u00e7\u00e3o de impostos e no planejamento das contas p\u00fablicas.<\/p>\n\n\n\n<h2 class=\"wp-block-heading\">Evolu\u00e7\u00e3o do sal\u00e1rio m\u00ednimo no Brasil<\/h2>\n\n\n\n<ul class=\"wp-block-list\">\n<li>1936: Cria\u00e7\u00e3o do sal\u00e1rio m\u00ednimo com o valor inicial de Cr$ 200 (cruzeiros), voltado para proteger trabalhadores urbanos.<\/li>\n<\/ul>\n\n\n\n<ul class=\"wp-block-list\">\n<li>1980\u20131990: Per\u00edodo de forte infla\u00e7\u00e3o, quando o sal\u00e1rio m\u00ednimo sofreu constantes reajustes e perdeu valor real v\u00e1rias vezes.<\/li>\n<\/ul>\n\n\n\n<ul class=\"wp-block-list\">\n<li>1994: Estabiliza\u00e7\u00e3o econ\u00f4mica com o Plano Real, permitindo que o sal\u00e1rio m\u00ednimo ganhasse maior poder de compra.<\/li>\n<\/ul>\n\n\n\n<ul class=\"wp-block-list\">\n<li>2000 em diante: Ado\u00e7\u00e3o de pol\u00edtica de valoriza\u00e7\u00e3o do sal\u00e1rio m\u00ednimo, incluindo reajustes atrelados \u00e0 infla\u00e7\u00e3o mais crescimento do PIB, garantindo aumento real aos trabalhadores.<\/li>\n<\/ul>\n\n\n\n<ul class=\"wp-block-list\">\n<li>2025: Sal\u00e1rio m\u00ednimo vigente de R$ 1.518, com impacto direto em aposentadorias e benef\u00edcios sociais.<\/li>\n<\/ul>\n\n\n\n<ul class=\"wp-block-list\">\n<li>2026 (previsto): Sal\u00e1rio m\u00ednimo de R$ 1.631, representando aumento real de 2,5% sobre a infla\u00e7\u00e3o acumulada.<\/li>\n<\/ul>\n\n\n\n<p><\/p>\n","protected":false},"excerpt":{"rendered":"<p>O sal\u00e1rio m\u00ednimo previsto para 2026 \u00e9 de R$ 1.631, segundo o projeto da Lei Or\u00e7ament\u00e1ria Anual (PLOA), entregue pelo governo federal ao Congresso Nacional no final de setembro. O reajuste considera a infla\u00e7\u00e3o acumulada mais um ganho real de 2,5%. Atualmente, o valor do sal\u00e1rio m\u00ednimo \u00e9 de R$ 1.518. Segundo o PLOA (PLN [&hellip;]<\/p>\n","protected":false},"author":4,"featured_media":1536,"comment_status":"open","ping_status":"open","sticky":false,"template":"","format":"standard","meta":{"jnews-multi-image_gallery":[],"jnews_single_post":{"format":"standard"},"jnews_primary_category":[],"jnews_social_meta":[],"jnews_post_split":[],"footnotes":""},"categories":[1],"tags":[],"class_list":["post-5758","post","type-post","status-publish","format-standard","has-post-thumbnail","hentry","category-uncategorized"],"_links":{"self":[{"href":"https:\/\/diariodepernambuco.audiencelabs.com.br\/wp-json\/wp\/v2\/posts\/5758","targetHints":{"allow":["GET"]}}],"collection":[{"href":"https:\/\/diariodepernambuco.audiencelabs.com.br\/wp-json\/wp\/v2\/posts"}],"about":[{"href":"https:\/\/diariodepernambuco.audiencelabs.com.br\/wp-json\/wp\/v2\/types\/post"}],"author":[{"embeddable":true,"href":"https:\/\/diariodepernambuco.audiencelabs.com.br\/wp-json\/wp\/v2\/users\/4"}],"replies":[{"embeddable":true,"href":"https:\/\/diariodepernambuco.audiencelabs.com.br\/wp-json\/wp\/v2\/comments?post=5758"}],"version-history":[{"count":2,"href":"https:\/\/diariodepernambuco.audiencelabs.com.br\/wp-json\/wp\/v2\/posts\/5758\/revisions"}],"predecessor-version":[{"id":5761,"href":"https:\/\/diariodepernambuco.audiencelabs.com.br\/wp-json\/wp\/v2\/posts\/5758\/revisions\/5761"}],"wp:featuredmedia":[{"embeddable":true,"href":"https:\/\/diariodepernambuco.audiencelabs.com.br\/wp-json\/wp\/v2\/media\/1536"}],"wp:attachment":[{"href":"https:\/\/diariodepernambuco.audiencelabs.com.br\/wp-json\/wp\/v2\/media?parent=5758"}],"wp:term":[{"taxonomy":"category","embeddable":true,"href":"https:\/\/diariodepernambuco.audiencelabs.com.br\/wp-json\/wp\/v2\/categories?post=5758"},{"taxonomy":"post_tag","embeddable":true,"href":"https:\/\/diariodepernambuco.audiencelabs.com.br\/wp-json\/wp\/v2\/tags?post=5758"}],"curies":[{"name":"wp","href":"https:\/\/api.w.org\/{rel}","templated":true}]}}