{"id":5762,"date":"2025-10-09T16:30:00","date_gmt":"2025-10-09T19:30:00","guid":{"rendered":"https:\/\/diariodepernambuco.audiencelabs.com.br\/?p=5762"},"modified":"2025-10-08T11:43:23","modified_gmt":"2025-10-08T14:43:23","slug":"retirada-liquida-de-r-15-bilhoes-foi-confirmada-nas-poupancas","status":"publish","type":"post","link":"https:\/\/diariodepernambuco.audiencelabs.com.br\/retirada-liquida-de-r-15-bilhoes-foi-confirmada-nas-poupancas\/","title":{"rendered":"Retirada l\u00edquida de R$ 15 bilh\u00f5es foi confirmada nas poupan\u00e7as"},"content":{"rendered":"\n<p>O Banco Central (BC) informou nesta quarta-feira (8) que o saldo da caderneta de poupan\u00e7a apresentou queda em setembro, devido a saques superiores aos dep\u00f3sitos. As retiradas superaram as aplica\u00e7\u00f5es em R$ 15 bilh\u00f5es, com dep\u00f3sitos somando R$ 356,6 bilh\u00f5es e saques alcan\u00e7ando R$ 371,6 bilh\u00f5es no m\u00eas passado.<\/p>\n\n\n\n<p>Os rendimentos pagos nas contas de poupan\u00e7a totalizaram R$ 6,4 bilh\u00f5es, enquanto o saldo total da caderneta ultrapassa R$ 1 trilh\u00e3o. Este \u00e9 o terceiro m\u00eas consecutivo de resultado negativo na poupan\u00e7a. Nos quatro primeiros meses do ano, tamb\u00e9m houve predomin\u00e2ncia de saques, seguidos por entradas l\u00edquidas nos meses de maio e junho.<\/p>\n\n\n\n<p>No acumulado de 2025, a caderneta de poupan\u00e7a apresenta um resgate l\u00edquido de R$ 78,5 bilh\u00f5es. Nos \u00faltimos anos, os saques t\u00eam superado os dep\u00f3sitos: em 2023, as retiradas l\u00edquidas somaram R$ 87,8 bilh\u00f5es, e em 2024, R$ 15,5 bilh\u00f5es.<\/p>\n\n\n\n<p>Entre os fatores que explicam os saques est\u00e1 a manuten\u00e7\u00e3o da Selic \u2014 a taxa b\u00e1sica de juros \u2014 em patamares elevados, o que incentiva aplica\u00e7\u00f5es em investimentos com rentabilidade maior. Em julho, o Comit\u00ea de Pol\u00edtica Monet\u00e1ria (Copom) do Banco Central encerrou o ciclo de aumentos da Selic, ap\u00f3s sete eleva\u00e7\u00f5es consecutivas, e desde ent\u00e3o a taxa permanece em 15% ao ano.<\/p>\n\n\n\n<h2 class=\"wp-block-heading\">Impacto da Selic alta e mudan\u00e7a de h\u00e1bitos dos investidores<\/h2>\n\n\n\n<p>O elevado patamar da taxa Selic tem levado muitos investidores a migrarem recursos da poupan\u00e7a para aplica\u00e7\u00f5es mais rent\u00e1veis, como t\u00edtulos do Tesouro Direto e fundos de renda fixa. Com a rentabilidade da caderneta ficando abaixo de outros investimentos, a tend\u00eancia de resgates l\u00edquidos tende a se manter, especialmente entre aqueles que buscam maior retorno financeiro.<\/p>\n\n\n\n<p>Al\u00e9m da Selic, mudan\u00e7as no comportamento dos poupadores tamb\u00e9m influenciam os saques. Muitos t\u00eam aproveitado os recursos da poupan\u00e7a para quitar d\u00edvidas ou realizar compras, enquanto outros diversificam seus investimentos em busca de rentabilidade maior. Essa combina\u00e7\u00e3o de fatores ajuda a explicar a sequ\u00eancia de meses com saldo l\u00edquido negativo na caderneta.<\/p>\n\n\n\n<p><\/p>\n","protected":false},"excerpt":{"rendered":"<p>O Banco Central (BC) informou nesta quarta-feira (8) que o saldo da caderneta de poupan\u00e7a apresentou queda em setembro, devido a saques superiores aos dep\u00f3sitos. As retiradas superaram as aplica\u00e7\u00f5es em R$ 15 bilh\u00f5es, com dep\u00f3sitos somando R$ 356,6 bilh\u00f5es e saques alcan\u00e7ando R$ 371,6 bilh\u00f5es no m\u00eas passado. Os rendimentos pagos nas contas de [&hellip;]<\/p>\n","protected":false},"author":4,"featured_media":5764,"comment_status":"open","ping_status":"open","sticky":false,"template":"","format":"standard","meta":{"jnews-multi-image_gallery":[],"jnews_single_post":{"format":"standard"},"jnews_primary_category":[],"jnews_social_meta":[],"jnews_post_split":[],"footnotes":""},"categories":[1],"tags":[],"class_list":["post-5762","post","type-post","status-publish","format-standard","has-post-thumbnail","hentry","category-uncategorized"],"_links":{"self":[{"href":"https:\/\/diariodepernambuco.audiencelabs.com.br\/wp-json\/wp\/v2\/posts\/5762","targetHints":{"allow":["GET"]}}],"collection":[{"href":"https:\/\/diariodepernambuco.audiencelabs.com.br\/wp-json\/wp\/v2\/posts"}],"about":[{"href":"https:\/\/diariodepernambuco.audiencelabs.com.br\/wp-json\/wp\/v2\/types\/post"}],"author":[{"embeddable":true,"href":"https:\/\/diariodepernambuco.audiencelabs.com.br\/wp-json\/wp\/v2\/users\/4"}],"replies":[{"embeddable":true,"href":"https:\/\/diariodepernambuco.audiencelabs.com.br\/wp-json\/wp\/v2\/comments?post=5762"}],"version-history":[{"count":2,"href":"https:\/\/diariodepernambuco.audiencelabs.com.br\/wp-json\/wp\/v2\/posts\/5762\/revisions"}],"predecessor-version":[{"id":5766,"href":"https:\/\/diariodepernambuco.audiencelabs.com.br\/wp-json\/wp\/v2\/posts\/5762\/revisions\/5766"}],"wp:featuredmedia":[{"embeddable":true,"href":"https:\/\/diariodepernambuco.audiencelabs.com.br\/wp-json\/wp\/v2\/media\/5764"}],"wp:attachment":[{"href":"https:\/\/diariodepernambuco.audiencelabs.com.br\/wp-json\/wp\/v2\/media?parent=5762"}],"wp:term":[{"taxonomy":"category","embeddable":true,"href":"https:\/\/diariodepernambuco.audiencelabs.com.br\/wp-json\/wp\/v2\/categories?post=5762"},{"taxonomy":"post_tag","embeddable":true,"href":"https:\/\/diariodepernambuco.audiencelabs.com.br\/wp-json\/wp\/v2\/tags?post=5762"}],"curies":[{"name":"wp","href":"https:\/\/api.w.org\/{rel}","templated":true}]}}