{"id":5767,"date":"2025-10-09T17:30:00","date_gmt":"2025-10-09T20:30:00","guid":{"rendered":"https:\/\/diariodepernambuco.audiencelabs.com.br\/?p=5767"},"modified":"2025-10-08T13:24:36","modified_gmt":"2025-10-08T16:24:36","slug":"profissionais-de-saude-precisam-ler-essa-nova-pec-aprovada","status":"publish","type":"post","link":"https:\/\/diariodepernambuco.audiencelabs.com.br\/profissionais-de-saude-precisam-ler-essa-nova-pec-aprovada\/","title":{"rendered":"Profissionais de sa\u00fade precisam ler essa nova PEC aprovada"},"content":{"rendered":"\n<p>Uma Proposta de Emenda \u00e0 Constitui\u00e7\u00e3o (PEC) que restabelece, para determinados servidores, regras previdenci\u00e1rias extintas desde 2003 foi aprovada na \u00faltima ter\u00e7a-feira (7) pela C\u00e2mara dos Deputados. A medida, considerada uma \u201cpauta-bomba\u201d para o governo, garante aposentadoria integral e parit\u00e1ria aos agentes comunit\u00e1rios de sa\u00fade (ACSs) e aos agentes de combate \u00e0s endemias (ACEs).<\/p>\n\n\n\n<p>O texto, de relatoria do deputado Antonio Brito (PSD-BA), tamb\u00e9m veda contrata\u00e7\u00f5es tempor\u00e1rias ou terceirizadas, exceto em situa\u00e7\u00f5es de emerg\u00eancia em sa\u00fade p\u00fablica, e estabelece que o ingresso na carreira ser\u00e1 feito exclusivamente por meio de concurso p\u00fablico.<\/p>\n\n\n\n<p>O impacto fiscal da proposta tem gerado diverg\u00eancias. T\u00e9cnicos do Congresso estimam um custo de at\u00e9 R$ 11 bilh\u00f5es em tr\u00eas anos, enquanto o relator projeta um gasto mais modesto, de cerca de R$ 1 bilh\u00e3o por ano. O texto agora segue para o Senado Federal, onde precisar\u00e1 ser aprovado em dois turnos de vota\u00e7\u00e3o.<\/p>\n\n\n\n<p>A PEC estabelece regras especiais de aposentadoria para os agentes, levando em conta os riscos inerentes \u00e0 atividade. As novas normas trazem crit\u00e9rios mais flex\u00edveis para que esses servidores possam se aposentar, al\u00e9m de benef\u00edcios mais vantajosos no c\u00e1lculo das aposentadorias. At\u00e9 ent\u00e3o, a categoria n\u00e3o era contemplada com o regime de aposentadoria especial.<\/p>\n\n\n\n<h2 class=\"wp-block-heading\">As novas regras caso a PEC seja aprovada<\/h2>\n\n\n\n<p><strong>Para quem ingressou na atividade ap\u00f3s a promulga\u00e7\u00e3o da PEC<\/strong><\/p>\n\n\n\n<ul class=\"wp-block-list\">\n<li>Idade m\u00ednima: Ser\u00e1 de 57 anos (mulheres) e 60 anos (homens). Para os servidores em geral, para os que ingressaram na carreira ap\u00f3s a Reforma da Previd\u00eancia de 2019, a idade m\u00ednima \u00e9 de 62 anos para mulheres e 65 anos para homens.<\/li>\n<\/ul>\n\n\n\n<ul class=\"wp-block-list\">\n<li>Tempo de contribui\u00e7\u00e3o: Para os agentes que ingressarem ap\u00f3s a promulga\u00e7\u00e3o, ser\u00e1 exigido tempo de 25 anos de contribui\u00e7\u00e3o e de efetivo exerc\u00edcio.<\/li>\n<\/ul>\n\n\n\n<p><strong>Regra de transi\u00e7\u00e3o<\/strong><\/p>\n\n\n\n<ul class=\"wp-block-list\">\n<li>Idade m\u00ednima: Para os profissionais que j\u00e1 est\u00e3o na ativa, h\u00e1 uma regra de transi\u00e7\u00e3o at\u00e9 2040, que come\u00e7a com 50 e 52 anos (mulheres e homens, respectivamente) at\u00e9 2030, e sobe gradualmente at\u00e9 chegar aos 57 e 60 anos a partir de 2041. A cada cinco anos, a idade m\u00ednima aumenta em dois. H\u00e1 ainda uma redu\u00e7\u00e3o de at\u00e9 cinco anos na idade m\u00ednima para quem ultrapassar os 25 anos de contribui\u00e7\u00e3o.<\/li>\n<\/ul>\n\n\n\n<p><\/p>\n","protected":false},"excerpt":{"rendered":"<p>Uma Proposta de Emenda \u00e0 Constitui\u00e7\u00e3o (PEC) que restabelece, para determinados servidores, regras previdenci\u00e1rias extintas desde 2003 foi aprovada na \u00faltima ter\u00e7a-feira (7) pela C\u00e2mara dos Deputados. A medida, considerada uma \u201cpauta-bomba\u201d para o governo, garante aposentadoria integral e parit\u00e1ria aos agentes comunit\u00e1rios de sa\u00fade (ACSs) e aos agentes de combate \u00e0s endemias (ACEs). O [&hellip;]<\/p>\n","protected":false},"author":4,"featured_media":5769,"comment_status":"open","ping_status":"open","sticky":false,"template":"","format":"standard","meta":{"jnews-multi-image_gallery":[],"jnews_single_post":{"format":"standard"},"jnews_primary_category":[],"jnews_social_meta":[],"jnews_post_split":[],"footnotes":""},"categories":[1],"tags":[],"class_list":["post-5767","post","type-post","status-publish","format-standard","has-post-thumbnail","hentry","category-uncategorized"],"_links":{"self":[{"href":"https:\/\/diariodepernambuco.audiencelabs.com.br\/wp-json\/wp\/v2\/posts\/5767","targetHints":{"allow":["GET"]}}],"collection":[{"href":"https:\/\/diariodepernambuco.audiencelabs.com.br\/wp-json\/wp\/v2\/posts"}],"about":[{"href":"https:\/\/diariodepernambuco.audiencelabs.com.br\/wp-json\/wp\/v2\/types\/post"}],"author":[{"embeddable":true,"href":"https:\/\/diariodepernambuco.audiencelabs.com.br\/wp-json\/wp\/v2\/users\/4"}],"replies":[{"embeddable":true,"href":"https:\/\/diariodepernambuco.audiencelabs.com.br\/wp-json\/wp\/v2\/comments?post=5767"}],"version-history":[{"count":2,"href":"https:\/\/diariodepernambuco.audiencelabs.com.br\/wp-json\/wp\/v2\/posts\/5767\/revisions"}],"predecessor-version":[{"id":5771,"href":"https:\/\/diariodepernambuco.audiencelabs.com.br\/wp-json\/wp\/v2\/posts\/5767\/revisions\/5771"}],"wp:featuredmedia":[{"embeddable":true,"href":"https:\/\/diariodepernambuco.audiencelabs.com.br\/wp-json\/wp\/v2\/media\/5769"}],"wp:attachment":[{"href":"https:\/\/diariodepernambuco.audiencelabs.com.br\/wp-json\/wp\/v2\/media?parent=5767"}],"wp:term":[{"taxonomy":"category","embeddable":true,"href":"https:\/\/diariodepernambuco.audiencelabs.com.br\/wp-json\/wp\/v2\/categories?post=5767"},{"taxonomy":"post_tag","embeddable":true,"href":"https:\/\/diariodepernambuco.audiencelabs.com.br\/wp-json\/wp\/v2\/tags?post=5767"}],"curies":[{"name":"wp","href":"https:\/\/api.w.org\/{rel}","templated":true}]}}