{"id":5780,"date":"2025-10-09T20:00:00","date_gmt":"2025-10-09T23:00:00","guid":{"rendered":"https:\/\/diariodepernambuco.audiencelabs.com.br\/?p=5780"},"modified":"2025-10-08T16:17:46","modified_gmt":"2025-10-08T19:17:46","slug":"brasileiros-agora-podem-de-aposentar-antes-dos-60-anos","status":"publish","type":"post","link":"https:\/\/diariodepernambuco.audiencelabs.com.br\/brasileiros-agora-podem-de-aposentar-antes-dos-60-anos\/","title":{"rendered":"Brasileiros agora podem de aposentar antes dos 60 anos"},"content":{"rendered":"\n<p>Mesmo com a Reforma da Previd\u00eancia de 2019, os professores da educa\u00e7\u00e3o b\u00e1sica continuam a contar com regras especiais de aposentadoria no Brasil. A Emenda Constitucional 103 estabeleceu uma idade m\u00ednima de 57 anos para mulheres e 60 anos para homens, al\u00e9m de exigir um tempo m\u00ednimo de 25 anos de contribui\u00e7\u00e3o para ambos os sexos.<\/p>\n\n\n\n<p>Essas normas abrangem docentes da educa\u00e7\u00e3o infantil, ensino fundamental e m\u00e9dio, incluindo tanto os profissionais que atuam diretamente em sala de aula quanto aqueles em fun\u00e7\u00f5es de dire\u00e7\u00e3o, coordena\u00e7\u00e3o, supervis\u00e3o e orienta\u00e7\u00e3o pedag\u00f3gica. Por outro lado, os professores universit\u00e1rios, em regra, perderam o direito \u00e0 aposentadoria especial.<\/p>\n\n\n\n<p>Uma das d\u00favidas mais comuns entre os professores \u00e9 sobre o direito adquirido. De acordo com especialistas, aqueles que j\u00e1 haviam cumprido os requisitos antes de 13 de novembro de 2019 continuam sujeitos \u00e0s regras antigas, sem a exig\u00eancia de idade m\u00ednima. Nesses casos, basta comprovar o tempo de contribui\u00e7\u00e3o necess\u00e1rio: 25 anos para mulheres e 30 anos para homens.<\/p>\n\n\n\n<p>Para os professores que ainda n\u00e3o haviam completado os requisitos na data da reforma, foram estabelecidas regras de transi\u00e7\u00e3o que se ajustam anualmente, permitindo que os profissionais se aposentem de forma gradual, \u00e0 medida que atingem a idade e o tempo de contribui\u00e7\u00e3o previstos.<\/p>\n\n\n\n<h2 class=\"wp-block-heading\">Regras de transi\u00e7\u00e3o e aposentadoria gradual<\/h2>\n\n\n\n<p>As regras de transi\u00e7\u00e3o foram criadas para suavizar os efeitos da reforma e permitir que os professores da educa\u00e7\u00e3o b\u00e1sica possam se aposentar antes das idades m\u00ednimas atuais, de forma progressiva. Essas normas levam em conta tanto o tempo de contribui\u00e7\u00e3o j\u00e1 acumulado quanto a idade do docente, garantindo que ningu\u00e9m perca totalmente o direito \u00e0 aposentadoria especial.<\/p>\n\n\n\n<p>Dessa forma, mesmo ap\u00f3s a reforma, os profissionais podem planejar sua aposentadoria de maneira mais previs\u00edvel, aproveitando os crit\u00e9rios que evoluem ano a ano. O sistema permite que professores mais pr\u00f3ximos de se aposentar n\u00e3o precisem esperar d\u00e9cadas para completar a idade m\u00ednima, mantendo benef\u00edcios proporcionais ao tempo de servi\u00e7o e \u00e0 dedica\u00e7\u00e3o \u00e0 carreira educacional.<\/p>\n\n\n\n<p><\/p>\n","protected":false},"excerpt":{"rendered":"<p>Mesmo com a Reforma da Previd\u00eancia de 2019, os professores da educa\u00e7\u00e3o b\u00e1sica continuam a contar com regras especiais de aposentadoria no Brasil. A Emenda Constitucional 103 estabeleceu uma idade m\u00ednima de 57 anos para mulheres e 60 anos para homens, al\u00e9m de exigir um tempo m\u00ednimo de 25 anos de contribui\u00e7\u00e3o para ambos os [&hellip;]<\/p>\n","protected":false},"author":4,"featured_media":3854,"comment_status":"open","ping_status":"open","sticky":false,"template":"","format":"standard","meta":{"jnews-multi-image_gallery":[],"jnews_single_post":{"format":"standard"},"jnews_primary_category":[],"jnews_social_meta":[],"jnews_post_split":[],"footnotes":""},"categories":[1],"tags":[],"class_list":["post-5780","post","type-post","status-publish","format-standard","has-post-thumbnail","hentry","category-uncategorized"],"_links":{"self":[{"href":"https:\/\/diariodepernambuco.audiencelabs.com.br\/wp-json\/wp\/v2\/posts\/5780","targetHints":{"allow":["GET"]}}],"collection":[{"href":"https:\/\/diariodepernambuco.audiencelabs.com.br\/wp-json\/wp\/v2\/posts"}],"about":[{"href":"https:\/\/diariodepernambuco.audiencelabs.com.br\/wp-json\/wp\/v2\/types\/post"}],"author":[{"embeddable":true,"href":"https:\/\/diariodepernambuco.audiencelabs.com.br\/wp-json\/wp\/v2\/users\/4"}],"replies":[{"embeddable":true,"href":"https:\/\/diariodepernambuco.audiencelabs.com.br\/wp-json\/wp\/v2\/comments?post=5780"}],"version-history":[{"count":2,"href":"https:\/\/diariodepernambuco.audiencelabs.com.br\/wp-json\/wp\/v2\/posts\/5780\/revisions"}],"predecessor-version":[{"id":5782,"href":"https:\/\/diariodepernambuco.audiencelabs.com.br\/wp-json\/wp\/v2\/posts\/5780\/revisions\/5782"}],"wp:featuredmedia":[{"embeddable":true,"href":"https:\/\/diariodepernambuco.audiencelabs.com.br\/wp-json\/wp\/v2\/media\/3854"}],"wp:attachment":[{"href":"https:\/\/diariodepernambuco.audiencelabs.com.br\/wp-json\/wp\/v2\/media?parent=5780"}],"wp:term":[{"taxonomy":"category","embeddable":true,"href":"https:\/\/diariodepernambuco.audiencelabs.com.br\/wp-json\/wp\/v2\/categories?post=5780"},{"taxonomy":"post_tag","embeddable":true,"href":"https:\/\/diariodepernambuco.audiencelabs.com.br\/wp-json\/wp\/v2\/tags?post=5780"}],"curies":[{"name":"wp","href":"https:\/\/api.w.org\/{rel}","templated":true}]}}