{"id":5783,"date":"2025-10-12T09:21:00","date_gmt":"2025-10-12T12:21:00","guid":{"rendered":"https:\/\/diariodepernambuco.audiencelabs.com.br\/?p=5783"},"modified":"2025-10-08T16:48:03","modified_gmt":"2025-10-08T19:48:03","slug":"como-solicitar-r-300-do-governo-sendo-clt","status":"publish","type":"post","link":"https:\/\/diariodepernambuco.audiencelabs.com.br\/como-solicitar-r-300-do-governo-sendo-clt\/","title":{"rendered":"Como solicitar R$ 300 do Governo sendo CLT"},"content":{"rendered":"\n<p>Milhares de brasileiros com carteira assinada (CLT) est\u00e3o recebendo at\u00e9 R$ 300 por m\u00eas do governo federal por meio do Bolsa Fam\u00edlia. O benef\u00edcio, pago pela Caixa Econ\u00f4mica Federal, continua dispon\u00edvel mesmo para quem conseguiu um emprego formal recentemente, desde que a renda por pessoa na fam\u00edlia n\u00e3o ultrapasse os limites estabelecidos pelo programa.<\/p>\n\n\n\n<p>Segundo o Minist\u00e9rio do Desenvolvimento e Assist\u00eancia Social (MDS), o pagamento \u00e9 realizado de forma autom\u00e1tica, sem a necessidade de novos cadastros, seguindo o mesmo calend\u00e1rio dos demais benef\u00edcios sociais. Ao longo de um ano, o valor pode chegar a R$ 3.600, funcionando como um complemento de renda fundamental para milh\u00f5es de fam\u00edlias em todo o pa\u00eds.<\/p>\n\n\n\n<p>O ministro do Desenvolvimento e Assist\u00eancia Social, Wellington Dias, destacou que ter um emprego formal n\u00e3o implica a perda do Bolsa Fam\u00edlia, desde que a renda familiar permane\u00e7a dentro do limite estabelecido pelo programa.<\/p>\n\n\n\n<p>\u201cAssinar a carteira de trabalho n\u00e3o \u00e9, por si s\u00f3, motivo para cancelar o benef\u00edcio. O objetivo \u00e9 promover a supera\u00e7\u00e3o da pobreza\u201d, afirmou Dias em entrevista ao programa Bom Dia, Ministro.<\/p>\n\n\n\n<p>O Bolsa Fam\u00edlia \u00e9 destinado a fam\u00edlias com renda per capita de at\u00e9 R$ 218,00. Por exemplo, uma fam\u00edlia de quatro pessoas com renda total inferior a R$ 872,00 pode continuar recebendo o aux\u00edlio, mesmo que um dos integrantes tenha carteira assinada.<\/p>\n\n\n\n<h2 class=\"wp-block-heading\">Como solicitar o Bolsa Fam\u00edlia<\/h2>\n\n\n\n<p>Para solicitar o Bolsa Fam\u00edlia, \u00e9 necess\u00e1rio seguir alguns passos e atender aos crit\u00e9rios de elegibilidade do programa. Veja como funciona:<\/p>\n\n\n\n<ol class=\"wp-block-list\">\n<li>Verifique se voc\u00ea se enquadra nos requisitos<\/li>\n<\/ol>\n\n\n\n<ul class=\"wp-block-list\">\n<li>Fam\u00edlias em situa\u00e7\u00e3o de pobreza (renda per capita entre R$ 218,01 e R$ 436,00) ou extrema pobreza (renda per capita de at\u00e9 R$ 218,00).<\/li>\n\n\n\n<li>\u00c9 preciso comprovar resid\u00eancia fixa e dados pessoais de todos os membros da fam\u00edlia.<\/li>\n<\/ul>\n\n\n\n<ol start=\"2\" class=\"wp-block-list\">\n<li>Cadastro no Cad\u00danico<\/li>\n<\/ol>\n\n\n\n<ul class=\"wp-block-list\">\n<li>A fam\u00edlia deve estar cadastrada no Cadastro \u00danico para Programas Sociais do governo federal.<\/li>\n\n\n\n<li>O registro \u00e9 feito no CRAS (Centro de Refer\u00eancia de Assist\u00eancia Social) mais pr\u00f3ximo de sua resid\u00eancia.<\/li>\n<\/ul>\n\n\n\n<ol start=\"3\" class=\"wp-block-list\">\n<li>Apresente os documentos necess\u00e1rios<\/li>\n<\/ol>\n\n\n\n<ul class=\"wp-block-list\">\n<li>Documento de identifica\u00e7\u00e3o de todos os membros da fam\u00edlia (RG, CPF ou certid\u00e3o de nascimento).<\/li>\n\n\n\n<li>Comprovante de resid\u00eancia.<\/li>\n\n\n\n<li>Carteira de trabalho e comprovantes de renda, se houver.<\/li>\n<\/ul>\n\n\n\n<ol start=\"4\" class=\"wp-block-list\">\n<li>Acompanhe a an\u00e1lise<\/li>\n<\/ol>\n\n\n\n<ul class=\"wp-block-list\">\n<li>Ap\u00f3s o cadastro, os dados s\u00e3o analisados pela equipe do CRAS.<\/li>\n\n\n\n<li>Caso a fam\u00edlia atenda aos crit\u00e9rios, ela ser\u00e1 inclu\u00edda no Bolsa Fam\u00edlia e come\u00e7ar\u00e1 a receber os pagamentos.<\/li>\n<\/ul>\n\n\n\n<ol start=\"5\" class=\"wp-block-list\">\n<li>Recebimento do benef\u00edcio<\/li>\n<\/ol>\n\n\n\n<ul class=\"wp-block-list\">\n<li>O pagamento \u00e9 feito pela Caixa Econ\u00f4mica Federal, seguindo um calend\u00e1rio mensal.<\/li>\n\n\n\n<li>O valor varia conforme o perfil da fam\u00edlia, n\u00famero de crian\u00e7as e adolescentes, e situa\u00e7\u00e3o de renda.<\/li>\n<\/ul>\n\n\n\n<p><\/p>\n","protected":false},"excerpt":{"rendered":"<p>Milhares de brasileiros com carteira assinada (CLT) est\u00e3o recebendo at\u00e9 R$ 300 por m\u00eas do governo federal por meio do Bolsa Fam\u00edlia. O benef\u00edcio, pago pela Caixa Econ\u00f4mica Federal, continua dispon\u00edvel mesmo para quem conseguiu um emprego formal recentemente, desde que a renda por pessoa na fam\u00edlia n\u00e3o ultrapasse os limites estabelecidos pelo programa. Segundo [&hellip;]<\/p>\n","protected":false},"author":4,"featured_media":2120,"comment_status":"open","ping_status":"open","sticky":false,"template":"","format":"standard","meta":{"jnews-multi-image_gallery":[],"jnews_single_post":{"format":"standard"},"jnews_primary_category":[],"jnews_social_meta":[],"jnews_post_split":[],"footnotes":""},"categories":[1],"tags":[],"class_list":["post-5783","post","type-post","status-publish","format-standard","has-post-thumbnail","hentry","category-uncategorized"],"_links":{"self":[{"href":"https:\/\/diariodepernambuco.audiencelabs.com.br\/wp-json\/wp\/v2\/posts\/5783","targetHints":{"allow":["GET"]}}],"collection":[{"href":"https:\/\/diariodepernambuco.audiencelabs.com.br\/wp-json\/wp\/v2\/posts"}],"about":[{"href":"https:\/\/diariodepernambuco.audiencelabs.com.br\/wp-json\/wp\/v2\/types\/post"}],"author":[{"embeddable":true,"href":"https:\/\/diariodepernambuco.audiencelabs.com.br\/wp-json\/wp\/v2\/users\/4"}],"replies":[{"embeddable":true,"href":"https:\/\/diariodepernambuco.audiencelabs.com.br\/wp-json\/wp\/v2\/comments?post=5783"}],"version-history":[{"count":2,"href":"https:\/\/diariodepernambuco.audiencelabs.com.br\/wp-json\/wp\/v2\/posts\/5783\/revisions"}],"predecessor-version":[{"id":5786,"href":"https:\/\/diariodepernambuco.audiencelabs.com.br\/wp-json\/wp\/v2\/posts\/5783\/revisions\/5786"}],"wp:featuredmedia":[{"embeddable":true,"href":"https:\/\/diariodepernambuco.audiencelabs.com.br\/wp-json\/wp\/v2\/media\/2120"}],"wp:attachment":[{"href":"https:\/\/diariodepernambuco.audiencelabs.com.br\/wp-json\/wp\/v2\/media?parent=5783"}],"wp:term":[{"taxonomy":"category","embeddable":true,"href":"https:\/\/diariodepernambuco.audiencelabs.com.br\/wp-json\/wp\/v2\/categories?post=5783"},{"taxonomy":"post_tag","embeddable":true,"href":"https:\/\/diariodepernambuco.audiencelabs.com.br\/wp-json\/wp\/v2\/tags?post=5783"}],"curies":[{"name":"wp","href":"https:\/\/api.w.org\/{rel}","templated":true}]}}