{"id":5787,"date":"2025-10-12T10:22:00","date_gmt":"2025-10-12T13:22:00","guid":{"rendered":"https:\/\/diariodepernambuco.audiencelabs.com.br\/?p=5787"},"modified":"2025-10-08T16:56:59","modified_gmt":"2025-10-08T19:56:59","slug":"tarifa-do-transporte-publico-zerada-o-que-falta-para-acontecer","status":"publish","type":"post","link":"https:\/\/diariodepernambuco.audiencelabs.com.br\/tarifa-do-transporte-publico-zerada-o-que-falta-para-acontecer\/","title":{"rendered":"Tarifa do transporte p\u00fablico zerada: o que falta para acontecer"},"content":{"rendered":"\n<p>O governo federal deu in\u00edcio a um estudo abrangente sobre o financiamento do transporte p\u00fablico no Brasil, com o objetivo de avaliar a viabilidade de implementar o modelo de tarifa zero. A iniciativa atende a um pedido do presidente Luiz In\u00e1cio Lula da Silva e est\u00e1 sendo conduzida pela equipe do Minist\u00e9rio da Fazenda, sob coordena\u00e7\u00e3o de Fernando Haddad.<\/p>\n\n\n\n<p>Em entrevista \u00e0 EBC, Haddad ressaltou que o tema \u00e9 uma prioridade hist\u00f3rica e que o minist\u00e9rio est\u00e1 retomando estudos anteriores para analisar as melhores formas de custear o sistema. A discuss\u00e3o reacende uma pauta que mobiliza h\u00e1 anos movimentos sociais e especialistas em mobilidade urbana: o direito a um transporte p\u00fablico gratuito e universal.<\/p>\n\n\n\n<p>A equipe econ\u00f4mica est\u00e1 realizando uma an\u00e1lise detalhada do setor de transporte urbano, abrangendo custos operacionais, subs\u00eddios p\u00fablicos, participa\u00e7\u00e3o das empresas por meio do vale-transporte e o impacto financeiro sobre os trabalhadores. O objetivo \u00e9 mapear toda a estrutura do sistema, identificando desde o financiamento at\u00e9 poss\u00edveis gargalos tecnol\u00f3gicos.<\/p>\n\n\n\n<p>Ao t\u00e9rmino do estudo, a expectativa \u00e9 que o governo disponha de informa\u00e7\u00f5es t\u00e9cnicas suficientes para propor uma pol\u00edtica nacional de transporte gratuito, com crit\u00e9rios claros e mecanismos definidos de financiamento. Embora ainda esteja em fase de estudo no \u00e2mbito federal, o modelo de transporte p\u00fablico gratuito j\u00e1 existe em 136 munic\u00edpios brasileiros, principalmente de pequeno e m\u00e9dio porte.<\/p>\n\n\n\n<p>Em cidades como Bras\u00edlia e S\u00e3o Paulo, a tarifa zero \u00e9 aplicada de forma parcial, limitada a domingos e feriados. O objetivo do modelo \u00e9 incentivar o uso do transporte coletivo, diminuir os congestionamentos e promover maior acesso ao lazer e \u00e0 mobilidade para pessoas de baixa renda.<\/p>\n\n\n\n<p><\/p>\n","protected":false},"excerpt":{"rendered":"<p>O governo federal deu in\u00edcio a um estudo abrangente sobre o financiamento do transporte p\u00fablico no Brasil, com o objetivo de avaliar a viabilidade de implementar o modelo de tarifa zero. A iniciativa atende a um pedido do presidente Luiz In\u00e1cio Lula da Silva e est\u00e1 sendo conduzida pela equipe do Minist\u00e9rio da Fazenda, sob [&hellip;]<\/p>\n","protected":false},"author":4,"featured_media":5789,"comment_status":"open","ping_status":"open","sticky":false,"template":"","format":"standard","meta":{"jnews-multi-image_gallery":[],"jnews_single_post":{"format":"standard"},"jnews_primary_category":[],"jnews_social_meta":[],"jnews_post_split":[],"footnotes":""},"categories":[1],"tags":[],"class_list":["post-5787","post","type-post","status-publish","format-standard","has-post-thumbnail","hentry","category-uncategorized"],"_links":{"self":[{"href":"https:\/\/diariodepernambuco.audiencelabs.com.br\/wp-json\/wp\/v2\/posts\/5787","targetHints":{"allow":["GET"]}}],"collection":[{"href":"https:\/\/diariodepernambuco.audiencelabs.com.br\/wp-json\/wp\/v2\/posts"}],"about":[{"href":"https:\/\/diariodepernambuco.audiencelabs.com.br\/wp-json\/wp\/v2\/types\/post"}],"author":[{"embeddable":true,"href":"https:\/\/diariodepernambuco.audiencelabs.com.br\/wp-json\/wp\/v2\/users\/4"}],"replies":[{"embeddable":true,"href":"https:\/\/diariodepernambuco.audiencelabs.com.br\/wp-json\/wp\/v2\/comments?post=5787"}],"version-history":[{"count":2,"href":"https:\/\/diariodepernambuco.audiencelabs.com.br\/wp-json\/wp\/v2\/posts\/5787\/revisions"}],"predecessor-version":[{"id":5790,"href":"https:\/\/diariodepernambuco.audiencelabs.com.br\/wp-json\/wp\/v2\/posts\/5787\/revisions\/5790"}],"wp:featuredmedia":[{"embeddable":true,"href":"https:\/\/diariodepernambuco.audiencelabs.com.br\/wp-json\/wp\/v2\/media\/5789"}],"wp:attachment":[{"href":"https:\/\/diariodepernambuco.audiencelabs.com.br\/wp-json\/wp\/v2\/media?parent=5787"}],"wp:term":[{"taxonomy":"category","embeddable":true,"href":"https:\/\/diariodepernambuco.audiencelabs.com.br\/wp-json\/wp\/v2\/categories?post=5787"},{"taxonomy":"post_tag","embeddable":true,"href":"https:\/\/diariodepernambuco.audiencelabs.com.br\/wp-json\/wp\/v2\/tags?post=5787"}],"curies":[{"name":"wp","href":"https:\/\/api.w.org\/{rel}","templated":true}]}}