{"id":5797,"date":"2025-10-12T18:24:00","date_gmt":"2025-10-12T21:24:00","guid":{"rendered":"https:\/\/diariodepernambuco.audiencelabs.com.br\/?p=5797"},"modified":"2025-10-09T10:47:39","modified_gmt":"2025-10-09T13:47:39","slug":"salario-minimo-a-r-1-920-foi-confirmado-veja-tudo","status":"publish","type":"post","link":"https:\/\/diariodepernambuco.audiencelabs.com.br\/salario-minimo-a-r-1-920-foi-confirmado-veja-tudo\/","title":{"rendered":"Sal\u00e1rio m\u00ednimo de R$ 1.920 pode ser confirmado: veja tudo"},"content":{"rendered":"\n<p>O governo federal confirmou que o sal\u00e1rio m\u00ednimo chegar\u00e1 a R$ 1.920 em 2029, trazendo impacto direto na renda de milh\u00f5es de trabalhadores formais e aposentados. A atualiza\u00e7\u00e3o faz parte de proje\u00e7\u00f5es econ\u00f4micas que consideram a infla\u00e7\u00e3o e ganhos reais ao longo dos pr\u00f3ximos anos, oferecendo previsibilidade para trabalhadores, empregadores e planejamento or\u00e7ament\u00e1rio do pa\u00eds.<\/p>\n\n\n\n<p>O sal\u00e1rio m\u00ednimo de 2025 foi fixado em R$ 1.518, conforme comunicado do governo federal ap\u00f3s o presidente Luiz In\u00e1cio Lula da Silva sancionar o Or\u00e7amento 2025. O reajuste representa um aumento de R$ 106 (7,5%) em rela\u00e7\u00e3o a 2024, quando o piso nacional estava em R$ 1.412.<\/p>\n\n\n\n<p>Para 2026, o governo projeta um sal\u00e1rio m\u00ednimo de R$ 1.631, o que corresponde a um crescimento de 7,44% sobre o valor de 2025, segundo o Minist\u00e9rio do Planejamento e Or\u00e7amento no Projeto de Lei Or\u00e7ament\u00e1ria de 2026. Esse valor \u00e9 R$ 1 a mais do que estava previsto no Projeto de Lei de Diretrizes Or\u00e7ament\u00e1rias (PLDO) para o pr\u00f3ximo ano.<\/p>\n\n\n\n<p>No \u00faltimo documento, o Minist\u00e9rio do Planejamento e o Minist\u00e9rio da Fazenda projetaram os valores do sal\u00e1rio m\u00ednimo para os tr\u00eas anos seguintes: R$ 1.724,00 para 2027 (aumento de 5,76%), R$ 1.824,00 para 2028 (aumento de 5,76%) e R$ 1.925,00 para 2029 (aumento de 5,59%).<\/p>\n\n\n\n<h2 class=\"wp-block-heading\">Valor do sal\u00e1rio m\u00ednimo nos \u00faltimos anos<\/h2>\n\n\n\n<ul class=\"wp-block-list\">\n<li>2020: R$ 1.045<\/li>\n\n\n\n<li>2021: R$ 1.100<\/li>\n\n\n\n<li>2022: R$ 1.212<\/li>\n\n\n\n<li>2023: R$ 1.302<\/li>\n\n\n\n<li>2024: R$ 1.412<\/li>\n\n\n\n<li>2025: R$ 1.518<\/li>\n<\/ul>\n\n\n\n<p><\/p>\n","protected":false},"excerpt":{"rendered":"<p>O governo federal confirmou que o sal\u00e1rio m\u00ednimo chegar\u00e1 a R$ 1.920 em 2029, trazendo impacto direto na renda de milh\u00f5es de trabalhadores formais e aposentados. A atualiza\u00e7\u00e3o faz parte de proje\u00e7\u00f5es econ\u00f4micas que consideram a infla\u00e7\u00e3o e ganhos reais ao longo dos pr\u00f3ximos anos, oferecendo previsibilidade para trabalhadores, empregadores e planejamento or\u00e7ament\u00e1rio do pa\u00eds. [&hellip;]<\/p>\n","protected":false},"author":4,"featured_media":2129,"comment_status":"open","ping_status":"open","sticky":false,"template":"","format":"standard","meta":{"jnews-multi-image_gallery":[],"jnews_single_post":[],"jnews_primary_category":[],"jnews_social_meta":[],"jnews_post_split":[],"footnotes":""},"categories":[1],"tags":[],"class_list":["post-5797","post","type-post","status-publish","format-standard","has-post-thumbnail","hentry","category-uncategorized"],"_links":{"self":[{"href":"https:\/\/diariodepernambuco.audiencelabs.com.br\/wp-json\/wp\/v2\/posts\/5797","targetHints":{"allow":["GET"]}}],"collection":[{"href":"https:\/\/diariodepernambuco.audiencelabs.com.br\/wp-json\/wp\/v2\/posts"}],"about":[{"href":"https:\/\/diariodepernambuco.audiencelabs.com.br\/wp-json\/wp\/v2\/types\/post"}],"author":[{"embeddable":true,"href":"https:\/\/diariodepernambuco.audiencelabs.com.br\/wp-json\/wp\/v2\/users\/4"}],"replies":[{"embeddable":true,"href":"https:\/\/diariodepernambuco.audiencelabs.com.br\/wp-json\/wp\/v2\/comments?post=5797"}],"version-history":[{"count":4,"href":"https:\/\/diariodepernambuco.audiencelabs.com.br\/wp-json\/wp\/v2\/posts\/5797\/revisions"}],"predecessor-version":[{"id":5849,"href":"https:\/\/diariodepernambuco.audiencelabs.com.br\/wp-json\/wp\/v2\/posts\/5797\/revisions\/5849"}],"wp:featuredmedia":[{"embeddable":true,"href":"https:\/\/diariodepernambuco.audiencelabs.com.br\/wp-json\/wp\/v2\/media\/2129"}],"wp:attachment":[{"href":"https:\/\/diariodepernambuco.audiencelabs.com.br\/wp-json\/wp\/v2\/media?parent=5797"}],"wp:term":[{"taxonomy":"category","embeddable":true,"href":"https:\/\/diariodepernambuco.audiencelabs.com.br\/wp-json\/wp\/v2\/categories?post=5797"},{"taxonomy":"post_tag","embeddable":true,"href":"https:\/\/diariodepernambuco.audiencelabs.com.br\/wp-json\/wp\/v2\/tags?post=5797"}],"curies":[{"name":"wp","href":"https:\/\/api.w.org\/{rel}","templated":true}]}}