{"id":5818,"date":"2025-10-11T11:45:00","date_gmt":"2025-10-11T14:45:00","guid":{"rendered":"https:\/\/diariodepernambuco.audiencelabs.com.br\/?p=5818"},"modified":"2025-10-08T22:30:57","modified_gmt":"2025-10-09T01:30:57","slug":"virginia-finalmente-expoe-bastidores-sobre-vinicius-junior","status":"publish","type":"post","link":"https:\/\/diariodepernambuco.audiencelabs.com.br\/virginia-finalmente-expoe-bastidores-sobre-vinicius-junior\/","title":{"rendered":"Virg\u00ednia finalmente exp\u00f5e bastidores sobre Vinicius J\u00fanior"},"content":{"rendered":"\n<p>A influenciadora Virginia Fonseca marcou presen\u00e7a no primeiro ensaio da Grande Rio, nesta ter\u00e7a-feira (7), e atraiu todos os olhares ao chegar \u00e0 quadra da escola de samba. Rainha de bateria neste Carnaval, ela n\u00e3o apenas brilhou com a performance, mas tamb\u00e9m foi questionada sobre os rumores envolvendo o jogador Vin\u00edcius J\u00fanior, do Real Madrid. As informa\u00e7\u00f5es s\u00e3o do Leo Dias.<\/p>\n\n\n\n<h3 class=\"wp-block-heading\">Pol\u00eamica com o atacante do Real Madrid<\/h3>\n\n\n\n<p>Nas \u00faltimas semanas, o nome de Virginia voltou aos holofotes ap\u00f3s vir \u00e0 tona uma poss\u00edvel rela\u00e7\u00e3o com o craque brasileiro. Os dois chegaram a trocar mensagens p\u00fablicas e foram vistos juntos em viagens, o que alimentou especula\u00e7\u00f5es sobre um romance. No entanto, o clima de aproxima\u00e7\u00e3o parece ter esfriado depois que surgiram conversas atribu\u00eddas ao jogador com outras mulheres \u2014 inclusive durante o per\u00edodo em que estaria se relacionando com a influenciadora.<\/p>\n\n\n\n<p>Questionada sobre o assunto, Virginia preferiu responder de forma breve: \u201cA gente conversou, sim. Est\u00e1 tudo certo\u2026 vamos viver\u201d, declarou, sem se alongar. Mais cedo, ao ser perguntada se ainda mant\u00e9m contato com o atleta, ela disse apenas: \u201cVamos dar tempo ao tempo\u201d.<\/p>\n\n\n\n<h3 class=\"wp-block-heading\">Conversas e repercuss\u00e3o nas redes sociais<\/h3>\n\n\n\n<p>De acordo com informa\u00e7\u00f5es divulgadas pelo portal LeoDias, Vin\u00edcius J\u00fanior teria mantido trocas de mensagens com outras mulheres enquanto ainda se aproximava de Virginia. Os di\u00e1logos inclu\u00edam emojis, chamadas de v\u00eddeo e at\u00e9 convites para viagens. Ap\u00f3s o vazamento das conversas, a influenciadora afirmou que os dois estavam apenas \u201cse conhecendo melhor\u201d e que, atualmente, n\u00e3o h\u00e1 mais nenhum tipo de envolvimento.<\/p>\n\n\n\n<h3 class=\"wp-block-heading\">Repercuss\u00e3o de performance e memes<\/h3>\n\n\n\n<p>Al\u00e9m da vida pessoal, Virginia tamb\u00e9m comentou a repercuss\u00e3o de sua estreia na quadra da Grande Rio. Um v\u00eddeo em que ela aparece \u201cagachando\u201d durante a dan\u00e7a virou meme nas redes sociais. Levando a situa\u00e7\u00e3o com leveza, ela afirmou: \u201cEu amo ver o pessoal fazendo meme. Est\u00e1 divertido, at\u00e9 meus amigos entraram na brincadeira. N\u00e3o me incomoda nem um pouco.\u201d<\/p>\n","protected":false},"excerpt":{"rendered":"<p>A influenciadora Virginia Fonseca marcou presen\u00e7a no primeiro ensaio da Grande Rio, nesta ter\u00e7a-feira (7), e atraiu todos os olhares ao chegar \u00e0 quadra da escola de samba. Rainha de bateria neste Carnaval, ela n\u00e3o apenas brilhou com a performance, mas tamb\u00e9m foi questionada sobre os rumores envolvendo o jogador Vin\u00edcius J\u00fanior, do Real Madrid. [&hellip;]<\/p>\n","protected":false},"author":7,"featured_media":2566,"comment_status":"open","ping_status":"open","sticky":false,"template":"","format":"standard","meta":{"jnews-multi-image_gallery":[],"jnews_single_post":{"format":"standard"},"jnews_primary_category":[],"jnews_social_meta":[],"jnews_post_split":[],"footnotes":""},"categories":[1],"tags":[],"class_list":["post-5818","post","type-post","status-publish","format-standard","has-post-thumbnail","hentry","category-uncategorized"],"_links":{"self":[{"href":"https:\/\/diariodepernambuco.audiencelabs.com.br\/wp-json\/wp\/v2\/posts\/5818","targetHints":{"allow":["GET"]}}],"collection":[{"href":"https:\/\/diariodepernambuco.audiencelabs.com.br\/wp-json\/wp\/v2\/posts"}],"about":[{"href":"https:\/\/diariodepernambuco.audiencelabs.com.br\/wp-json\/wp\/v2\/types\/post"}],"author":[{"embeddable":true,"href":"https:\/\/diariodepernambuco.audiencelabs.com.br\/wp-json\/wp\/v2\/users\/7"}],"replies":[{"embeddable":true,"href":"https:\/\/diariodepernambuco.audiencelabs.com.br\/wp-json\/wp\/v2\/comments?post=5818"}],"version-history":[{"count":2,"href":"https:\/\/diariodepernambuco.audiencelabs.com.br\/wp-json\/wp\/v2\/posts\/5818\/revisions"}],"predecessor-version":[{"id":5820,"href":"https:\/\/diariodepernambuco.audiencelabs.com.br\/wp-json\/wp\/v2\/posts\/5818\/revisions\/5820"}],"wp:featuredmedia":[{"embeddable":true,"href":"https:\/\/diariodepernambuco.audiencelabs.com.br\/wp-json\/wp\/v2\/media\/2566"}],"wp:attachment":[{"href":"https:\/\/diariodepernambuco.audiencelabs.com.br\/wp-json\/wp\/v2\/media?parent=5818"}],"wp:term":[{"taxonomy":"category","embeddable":true,"href":"https:\/\/diariodepernambuco.audiencelabs.com.br\/wp-json\/wp\/v2\/categories?post=5818"},{"taxonomy":"post_tag","embeddable":true,"href":"https:\/\/diariodepernambuco.audiencelabs.com.br\/wp-json\/wp\/v2\/tags?post=5818"}],"curies":[{"name":"wp","href":"https:\/\/api.w.org\/{rel}","templated":true}]}}