{"id":5837,"date":"2025-10-10T09:00:00","date_gmt":"2025-10-10T12:00:00","guid":{"rendered":"https:\/\/diariodepernambuco.audiencelabs.com.br\/?p=5837"},"modified":"2025-10-09T10:17:17","modified_gmt":"2025-10-09T13:17:17","slug":"medicamento-super-comum-foi-proibido-pela-anvisa","status":"publish","type":"post","link":"https:\/\/diariodepernambuco.audiencelabs.com.br\/medicamento-super-comum-foi-proibido-pela-anvisa\/","title":{"rendered":"Medicamento super comum foi proibido pela Anvisa"},"content":{"rendered":"\n<p>A Ag\u00eancia Nacional de Vigil\u00e2ncia Sanit\u00e1ria (Anvisa) determinou nesta semana a interdi\u00e7\u00e3o cautelar de dois medicamentos fabricados no Brasil: o antibi\u00f3tico Vancotrat 500 mg, produzido pela Uni\u00e3o Qu\u00edmica Farmac\u00eautica Nacional S\/A, e o cloridrato de lidoca\u00edna 20 mg\/ml, anest\u00e9sico da Hypofarma \u2014 Instituto de Hypodermia e Farm\u00e1cia Ltda.<\/p>\n\n\n\n<p>A decis\u00e3o, publicada no Di\u00e1rio Oficial da Uni\u00e3o, tem car\u00e1ter preventivo e tempor\u00e1rio, com o objetivo de proteger a sa\u00fade p\u00fablica enquanto s\u00e3o realizados testes e an\u00e1lises adicionais. No caso do antibi\u00f3tico Vancotrat 500 mg, indicado para o tratamento de infec\u00e7\u00f5es como pneumonia, a interdi\u00e7\u00e3o abrange o Lote n\u00ba 2518163, com validade at\u00e9 abril de 2027.<\/p>\n\n\n\n<p>Em comunicado, a Uni\u00e3o Qu\u00edmica afirmou estar cumprindo integralmente a determina\u00e7\u00e3o da Anvisa e informou que j\u00e1 iniciou procedimentos internos de investiga\u00e7\u00e3o e controle de qualidade para fornecer os dados t\u00e9cnicos sobre o medicamento.<\/p>\n\n\n\n<p>A empresa tamb\u00e9m destacou que pretende solicitar a desinterdi\u00e7\u00e3o do lote assim que os resultados laboratoriais confirmarem a conformidade do produto. De acordo com a Anvisa, a medida foi adotada ap\u00f3s ser identificada uma altera\u00e7\u00e3o na colora\u00e7\u00e3o da solu\u00e7\u00e3o, que apresentou um tom alaranjado ao ser dilu\u00edda \u2014 diferente do padr\u00e3o previsto na bula do medicamento.<\/p>\n\n\n\n<p>J\u00e1 o anest\u00e9sico cloridrato de lidoca\u00edna 20 mg\/ml, de uso hospitalar, teve o Lote n\u00ba 25010360, com validade at\u00e9 janeiro de 2027, interditado ap\u00f3s a identifica\u00e7\u00e3o de um inseto em uma das ampolas do produto. Segundo a Hypofarma, ap\u00f3s ser notificada pela Anvisa sobre a den\u00fancia, a empresa realizou an\u00e1lises t\u00e9cnicas detalhadas para apurar o caso.<\/p>\n\n\n\n<p>A farmac\u00eautica informou ainda que enviou as respostas oficiais ao \u00f3rg\u00e3o regulador assim que tomou conhecimento da ocorr\u00eancia e ressaltou que o pr\u00f3prio cliente respons\u00e1vel pela den\u00fancia posteriormente se retratou. O material foi encaminhado para nova avalia\u00e7\u00e3o, e a Anvisa determinou a suspens\u00e3o tempor\u00e1ria do uso do lote em todo o territ\u00f3rio nacional.<\/p>\n\n\n\n<p><\/p>\n","protected":false},"excerpt":{"rendered":"<p>A Ag\u00eancia Nacional de Vigil\u00e2ncia Sanit\u00e1ria (Anvisa) determinou nesta semana a interdi\u00e7\u00e3o cautelar de dois medicamentos fabricados no Brasil: o antibi\u00f3tico Vancotrat 500 mg, produzido pela Uni\u00e3o Qu\u00edmica Farmac\u00eautica Nacional S\/A, e o cloridrato de lidoca\u00edna 20 mg\/ml, anest\u00e9sico da Hypofarma \u2014 Instituto de Hypodermia e Farm\u00e1cia Ltda. A decis\u00e3o, publicada no Di\u00e1rio Oficial da [&hellip;]<\/p>\n","protected":false},"author":4,"featured_media":1171,"comment_status":"open","ping_status":"open","sticky":false,"template":"","format":"standard","meta":{"jnews-multi-image_gallery":[],"jnews_single_post":[],"jnews_primary_category":[],"jnews_social_meta":[],"jnews_post_split":[],"footnotes":""},"categories":[1],"tags":[],"class_list":["post-5837","post","type-post","status-publish","format-standard","has-post-thumbnail","hentry","category-uncategorized"],"_links":{"self":[{"href":"https:\/\/diariodepernambuco.audiencelabs.com.br\/wp-json\/wp\/v2\/posts\/5837","targetHints":{"allow":["GET"]}}],"collection":[{"href":"https:\/\/diariodepernambuco.audiencelabs.com.br\/wp-json\/wp\/v2\/posts"}],"about":[{"href":"https:\/\/diariodepernambuco.audiencelabs.com.br\/wp-json\/wp\/v2\/types\/post"}],"author":[{"embeddable":true,"href":"https:\/\/diariodepernambuco.audiencelabs.com.br\/wp-json\/wp\/v2\/users\/4"}],"replies":[{"embeddable":true,"href":"https:\/\/diariodepernambuco.audiencelabs.com.br\/wp-json\/wp\/v2\/comments?post=5837"}],"version-history":[{"count":2,"href":"https:\/\/diariodepernambuco.audiencelabs.com.br\/wp-json\/wp\/v2\/posts\/5837\/revisions"}],"predecessor-version":[{"id":5839,"href":"https:\/\/diariodepernambuco.audiencelabs.com.br\/wp-json\/wp\/v2\/posts\/5837\/revisions\/5839"}],"wp:featuredmedia":[{"embeddable":true,"href":"https:\/\/diariodepernambuco.audiencelabs.com.br\/wp-json\/wp\/v2\/media\/1171"}],"wp:attachment":[{"href":"https:\/\/diariodepernambuco.audiencelabs.com.br\/wp-json\/wp\/v2\/media?parent=5837"}],"wp:term":[{"taxonomy":"category","embeddable":true,"href":"https:\/\/diariodepernambuco.audiencelabs.com.br\/wp-json\/wp\/v2\/categories?post=5837"},{"taxonomy":"post_tag","embeddable":true,"href":"https:\/\/diariodepernambuco.audiencelabs.com.br\/wp-json\/wp\/v2\/tags?post=5837"}],"curies":[{"name":"wp","href":"https:\/\/api.w.org\/{rel}","templated":true}]}}