{"id":5840,"date":"2025-10-10T09:30:00","date_gmt":"2025-10-10T12:30:00","guid":{"rendered":"https:\/\/diariodepernambuco.audiencelabs.com.br\/?p=5840"},"modified":"2025-10-09T10:25:10","modified_gmt":"2025-10-09T13:25:10","slug":"canetada-de-lula-traz-otima-noticia-sobre-valor-da-conta-de-luz","status":"publish","type":"post","link":"https:\/\/diariodepernambuco.audiencelabs.com.br\/canetada-de-lula-traz-otima-noticia-sobre-valor-da-conta-de-luz\/","title":{"rendered":"Canetada de Lula traz \u00f3tima not\u00edcia sobre valor da conta de luz"},"content":{"rendered":"\n<p>O presidente Luiz In\u00e1cio Lula da Silva (PT) sancionou, na \u00faltima quarta-feira (7), a lei que amplia o acesso \u00e0 tarifa social de energia el\u00e9trica para fam\u00edlias inscritas no Cadastro \u00danico e com consumo mensal de at\u00e9 80 kWh. A san\u00e7\u00e3o ocorreu durante uma cerim\u00f4nia no Pal\u00e1cio do Planalto. A proposta havia sido aprovada pelo Congresso Nacional no m\u00eas anterior, pouco antes de perder a validade.<\/p>\n\n\n\n<p>A medida provis\u00f3ria (MP) foi publicada em maio, e a tarifa social passou a valer a partir de julho. De acordo com o governo, cerca de 60 milh\u00f5es de brasileiros foram contemplados com isen\u00e7\u00e3o total na conta de luz, enquanto outros 55 milh\u00f5es receberam descontos parciais na tarifa.<\/p>\n\n\n\n<p>O texto aprovado determina que, a partir de janeiro do pr\u00f3ximo ano, as fam\u00edlias com renda per capita entre meio e um sal\u00e1rio m\u00ednimo passar\u00e3o a ter desconto na conta de luz, por meio da redu\u00e7\u00e3o da cobran\u00e7a da Conta de Desenvolvimento Energ\u00e9tico (CDE) \u2014 respons\u00e1vel por cerca de 12% do valor total da fatura.<\/p>\n\n\n\n<p>At\u00e9 ent\u00e3o, apenas ind\u00edgenas e quilombolas tinham direito \u00e0 isen\u00e7\u00e3o completa, enquanto as fam\u00edlias de baixa renda recebiam apenas descontos parciais. Para ter direito \u00e0 tarifa social, as fam\u00edlias devem estar inscritas no Cad\u00danico e ter renda mensal de at\u00e9 meio sal\u00e1rio m\u00ednimo por pessoa.<\/p>\n\n\n\n<p>Al\u00e9m desse grupo, outros tr\u00eas tamb\u00e9m tem direito ao benef\u00edcio: pessoas com defici\u00eancia ou idosos (65+) no Benef\u00edcio de Presta\u00e7\u00e3o Continuada (BPC) \u2014 que tamb\u00e9m s\u00e3o inscritos no Cad\u00danico; fam\u00edlias ind\u00edgenas e quilombolas do Cad\u00danico; fam\u00edlias do Cad\u00danico atendidas em sistemas isolados por m\u00f3dulo de gera\u00e7\u00e3o offgrid, isto \u00e9, m\u00f3dulos particulares, fora da rede el\u00e9trica p\u00fablica.<\/p>\n\n\n\n<p><\/p>\n","protected":false},"excerpt":{"rendered":"<p>O presidente Luiz In\u00e1cio Lula da Silva (PT) sancionou, na \u00faltima quarta-feira (7), a lei que amplia o acesso \u00e0 tarifa social de energia el\u00e9trica para fam\u00edlias inscritas no Cadastro \u00danico e com consumo mensal de at\u00e9 80 kWh. A san\u00e7\u00e3o ocorreu durante uma cerim\u00f4nia no Pal\u00e1cio do Planalto. A proposta havia sido aprovada pelo [&hellip;]<\/p>\n","protected":false},"author":4,"featured_media":5842,"comment_status":"open","ping_status":"open","sticky":false,"template":"","format":"standard","meta":{"jnews-multi-image_gallery":[],"jnews_single_post":{"format":"standard"},"jnews_primary_category":[],"jnews_social_meta":[],"jnews_post_split":[],"footnotes":""},"categories":[1],"tags":[],"class_list":["post-5840","post","type-post","status-publish","format-standard","has-post-thumbnail","hentry","category-uncategorized"],"_links":{"self":[{"href":"https:\/\/diariodepernambuco.audiencelabs.com.br\/wp-json\/wp\/v2\/posts\/5840","targetHints":{"allow":["GET"]}}],"collection":[{"href":"https:\/\/diariodepernambuco.audiencelabs.com.br\/wp-json\/wp\/v2\/posts"}],"about":[{"href":"https:\/\/diariodepernambuco.audiencelabs.com.br\/wp-json\/wp\/v2\/types\/post"}],"author":[{"embeddable":true,"href":"https:\/\/diariodepernambuco.audiencelabs.com.br\/wp-json\/wp\/v2\/users\/4"}],"replies":[{"embeddable":true,"href":"https:\/\/diariodepernambuco.audiencelabs.com.br\/wp-json\/wp\/v2\/comments?post=5840"}],"version-history":[{"count":2,"href":"https:\/\/diariodepernambuco.audiencelabs.com.br\/wp-json\/wp\/v2\/posts\/5840\/revisions"}],"predecessor-version":[{"id":5843,"href":"https:\/\/diariodepernambuco.audiencelabs.com.br\/wp-json\/wp\/v2\/posts\/5840\/revisions\/5843"}],"wp:featuredmedia":[{"embeddable":true,"href":"https:\/\/diariodepernambuco.audiencelabs.com.br\/wp-json\/wp\/v2\/media\/5842"}],"wp:attachment":[{"href":"https:\/\/diariodepernambuco.audiencelabs.com.br\/wp-json\/wp\/v2\/media?parent=5840"}],"wp:term":[{"taxonomy":"category","embeddable":true,"href":"https:\/\/diariodepernambuco.audiencelabs.com.br\/wp-json\/wp\/v2\/categories?post=5840"},{"taxonomy":"post_tag","embeddable":true,"href":"https:\/\/diariodepernambuco.audiencelabs.com.br\/wp-json\/wp\/v2\/tags?post=5840"}],"curies":[{"name":"wp","href":"https:\/\/api.w.org\/{rel}","templated":true}]}}