{"id":5850,"date":"2025-10-09T11:00:22","date_gmt":"2025-10-09T14:00:22","guid":{"rendered":"https:\/\/diariodepernambuco.audiencelabs.com.br\/?p=5850"},"modified":"2025-10-09T11:00:49","modified_gmt":"2025-10-09T14:00:49","slug":"brasileiros-que-amam-horario-de-verao-recebem-noticia-horrivel","status":"publish","type":"post","link":"https:\/\/diariodepernambuco.audiencelabs.com.br\/brasileiros-que-amam-horario-de-verao-recebem-noticia-horrivel\/","title":{"rendered":"Brasileiros que amam hor\u00e1rio de ver\u00e3o recebem not\u00edcia horr\u00edvel"},"content":{"rendered":"\n<p>A Comiss\u00e3o de Minas e Energia da C\u00e2mara dos Deputados aprovou um projeto de lei que pro\u00edbe a ado\u00e7\u00e3o do hor\u00e1rio de ver\u00e3o em todo o territ\u00f3rio nacional. Embora o Brasil n\u00e3o utilize o hor\u00e1rio de ver\u00e3o desde 2019 \u2014 per\u00edodo em que a mudan\u00e7a ocorria entre outubro e fevereiro \u2014 a proposta tem o objetivo de formalizar a proibi\u00e7\u00e3o.<\/p>\n\n\n\n<p>O texto aprovado \u00e9 um substitutivo da Comiss\u00e3o de Sa\u00fade ao Projeto de Lei (PL) 397\/07, do ex-deputado Valdir Colatto (SC), e a nove projetos apensados (PLs 2540\/07, 5066\/09, 4548\/12, 787\/15, 10897\/18, 1220\/19, 1922\/19, 3457\/21 e 106\/23). O substitutivo unifica o conte\u00fado do projeto principal com as propostas apensadas, consolidando a iniciativa de proibir o hor\u00e1rio de ver\u00e3o em todo o pa\u00eds.<\/p>\n\n\n\n<p>A proposta prev\u00ea a inclus\u00e3o da medida no Decreto 2.784\/13, que define a hora oficial do pa\u00eds, e no Decreto-Lei 4.295\/42, que autoriza a ado\u00e7\u00e3o de hor\u00e1rio especial em determinadas regi\u00f5es e per\u00edodos do ano para \u201cmelhor aproveitar e aumentar a disponibilidade de energia el\u00e9trica no pa\u00eds\u201d.<\/p>\n\n\n\n<p>Segundo o relator, deputado Otto Alencar Filho (PSD-BA), qualquer altera\u00e7\u00e3o no hor\u00e1rio de sono traz impactos negativos \u00e0 sa\u00fade, como sonol\u00eancia diurna, ins\u00f4nia noturna, cansa\u00e7o e irritabilidade. Al\u00e9m disso, estudos realizados pelo Minist\u00e9rio de Minas e Energia e pelo Operador Nacional do Sistema El\u00e9trico (ONS) indicam que a ado\u00e7\u00e3o do hor\u00e1rio de ver\u00e3o n\u00e3o tem proporcionado economia significativa de energia.<\/p>\n\n\n\n<h2 class=\"wp-block-heading\">Por que o hor\u00e1rio de ver\u00e3o chegou ao fim<\/h2>\n\n\n\n<p>A decis\u00e3o de formalizar o fim do hor\u00e1rio de ver\u00e3o leva em considera\u00e7\u00e3o impactos \u00e0 sa\u00fade e a efici\u00eancia energ\u00e9tica. Especialistas apontam que a mudan\u00e7a de hor\u00e1rio afeta o rel\u00f3gio biol\u00f3gico, provocando sonol\u00eancia, ins\u00f4nia, fadiga e altera\u00e7\u00f5es de humor em muitas pessoas.<\/p>\n\n\n\n<p>Com a aprova\u00e7\u00e3o do projeto, os brasileiros n\u00e3o precisar\u00e3o mais ajustar rel\u00f3gios durante o ano, o que altera h\u00e1bitos cotidianos, desde hor\u00e1rios de trabalho e estudo at\u00e9 o funcionamento de setores econ\u00f4micos que dependiam da luz natural. A expectativa \u00e9 que a decis\u00e3o traga mais regularidade \u00e0 rotina da popula\u00e7\u00e3o, ao mesmo tempo em que mant\u00e9m a seguran\u00e7a energ\u00e9tica do pa\u00eds.<\/p>\n\n\n\n<p><\/p>\n","protected":false},"excerpt":{"rendered":"<p>A Comiss\u00e3o de Minas e Energia da C\u00e2mara dos Deputados aprovou um projeto de lei que pro\u00edbe a ado\u00e7\u00e3o do hor\u00e1rio de ver\u00e3o em todo o territ\u00f3rio nacional. Embora o Brasil n\u00e3o utilize o hor\u00e1rio de ver\u00e3o desde 2019 \u2014 per\u00edodo em que a mudan\u00e7a ocorria entre outubro e fevereiro \u2014 a proposta tem o [&hellip;]<\/p>\n","protected":false},"author":4,"featured_media":4090,"comment_status":"open","ping_status":"open","sticky":false,"template":"","format":"standard","meta":{"jnews-multi-image_gallery":[],"jnews_single_post":[],"jnews_primary_category":[],"jnews_social_meta":[],"jnews_post_split":[],"footnotes":""},"categories":[1],"tags":[],"class_list":["post-5850","post","type-post","status-publish","format-standard","has-post-thumbnail","hentry","category-uncategorized"],"_links":{"self":[{"href":"https:\/\/diariodepernambuco.audiencelabs.com.br\/wp-json\/wp\/v2\/posts\/5850","targetHints":{"allow":["GET"]}}],"collection":[{"href":"https:\/\/diariodepernambuco.audiencelabs.com.br\/wp-json\/wp\/v2\/posts"}],"about":[{"href":"https:\/\/diariodepernambuco.audiencelabs.com.br\/wp-json\/wp\/v2\/types\/post"}],"author":[{"embeddable":true,"href":"https:\/\/diariodepernambuco.audiencelabs.com.br\/wp-json\/wp\/v2\/users\/4"}],"replies":[{"embeddable":true,"href":"https:\/\/diariodepernambuco.audiencelabs.com.br\/wp-json\/wp\/v2\/comments?post=5850"}],"version-history":[{"count":1,"href":"https:\/\/diariodepernambuco.audiencelabs.com.br\/wp-json\/wp\/v2\/posts\/5850\/revisions"}],"predecessor-version":[{"id":5852,"href":"https:\/\/diariodepernambuco.audiencelabs.com.br\/wp-json\/wp\/v2\/posts\/5850\/revisions\/5852"}],"wp:featuredmedia":[{"embeddable":true,"href":"https:\/\/diariodepernambuco.audiencelabs.com.br\/wp-json\/wp\/v2\/media\/4090"}],"wp:attachment":[{"href":"https:\/\/diariodepernambuco.audiencelabs.com.br\/wp-json\/wp\/v2\/media?parent=5850"}],"wp:term":[{"taxonomy":"category","embeddable":true,"href":"https:\/\/diariodepernambuco.audiencelabs.com.br\/wp-json\/wp\/v2\/categories?post=5850"},{"taxonomy":"post_tag","embeddable":true,"href":"https:\/\/diariodepernambuco.audiencelabs.com.br\/wp-json\/wp\/v2\/tags?post=5850"}],"curies":[{"name":"wp","href":"https:\/\/api.w.org\/{rel}","templated":true}]}}