{"id":5868,"date":"2025-10-10T15:00:00","date_gmt":"2025-10-10T18:00:00","guid":{"rendered":"https:\/\/diariodepernambuco.audiencelabs.com.br\/?p=5868"},"modified":"2025-10-09T14:17:49","modified_gmt":"2025-10-09T17:17:49","slug":"professores-surpreendem-e-escancaram-problema-dos-alunos","status":"publish","type":"post","link":"https:\/\/diariodepernambuco.audiencelabs.com.br\/professores-surpreendem-e-escancaram-problema-dos-alunos\/","title":{"rendered":"Professores surpreendem e escancaram problema dos alunos"},"content":{"rendered":"\n<p>Recentes observa\u00e7\u00f5es de professores de diversas institui\u00e7\u00f5es chamaram aten\u00e7\u00e3o para uma quest\u00e3o preocupante: o baixo n\u00edvel de conhecimento em inform\u00e1tica entre os alunos. Apesar de viverem em uma era digital, muitos estudantes ainda apresentam dificuldades em habilidades b\u00e1sicas de computador, como digita\u00e7\u00e3o, uso de ferramentas de produtividade e navega\u00e7\u00e3o eficiente na internet.<\/p>\n\n\n\n<p>Incapazes de enviar um e-mail ou executar tarefas simples como copiar e colar, esses alunos revelam lacunas que despertam questionamentos sobre a familiaridade dos jovens com as ferramentas digitais. A pesquisadora Anne Cordier, especialista em ci\u00eancia da informa\u00e7\u00e3o e comunica\u00e7\u00e3o, oferece uma perspectiva interessante ap\u00f3s sua experi\u00eancia trabalhando com estudantes do ensino fundamental e m\u00e9dio.<\/p>\n\n\n\n<p>Ela ressalta de maneira clara que a maioria desses jovens n\u00e3o desenvolveu habilidades b\u00e1sicas de inform\u00e1tica. Segundo suas observa\u00e7\u00f5es, at\u00e9 tarefas simples, como abrir um documento do Word, representam dificuldades para grande parte dos estudantes do ensino m\u00e9dio.<\/p>\n\n\n\n<p>O smartphone aparece como um fator central nesse contexto. Anne Cordier destaca o impacto da presen\u00e7a constante desses aparelhos, disponibilizados \u00e0s crian\u00e7as desde cedo para atividades l\u00fadicas, mas que n\u00e3o contribuem para o desenvolvimento de compet\u00eancias digitais mais avan\u00e7adas.<\/p>\n\n\n\n<p>A pandemia de Covid-19 evidenciou esse problema, quando os alunos precisaram de um computador para dar continuidade aos estudos. Al\u00e9m disso, os professores apontam que a depend\u00eancia excessiva do smartphone pode limitar a capacidade dos alunos de realizar tarefas que exigem maior concentra\u00e7\u00e3o e planejamento, habilidades fundamentais para o uso eficiente de computadores e softwares.<\/p>\n\n\n\n<p>Muitos estudantes recorrem a aplicativos para resolver problemas rapidamente, sem desenvolver a compreens\u00e3o completa das ferramentas digitais que utilizam, o que acaba prejudicando o aprendizado mais profundo. Diante desse cen\u00e1rio, educadores t\u00eam buscado estrat\u00e9gias para estimular o dom\u00ednio de habilidades digitais essenciais.<\/p>\n\n\n\n<p><\/p>\n","protected":false},"excerpt":{"rendered":"<p>Recentes observa\u00e7\u00f5es de professores de diversas institui\u00e7\u00f5es chamaram aten\u00e7\u00e3o para uma quest\u00e3o preocupante: o baixo n\u00edvel de conhecimento em inform\u00e1tica entre os alunos. Apesar de viverem em uma era digital, muitos estudantes ainda apresentam dificuldades em habilidades b\u00e1sicas de computador, como digita\u00e7\u00e3o, uso de ferramentas de produtividade e navega\u00e7\u00e3o eficiente na internet. Incapazes de enviar [&hellip;]<\/p>\n","protected":false},"author":4,"featured_media":5871,"comment_status":"open","ping_status":"open","sticky":false,"template":"","format":"standard","meta":{"jnews-multi-image_gallery":[],"jnews_single_post":{"format":"standard"},"jnews_primary_category":[],"jnews_social_meta":[],"jnews_post_split":[],"footnotes":""},"categories":[1],"tags":[],"class_list":["post-5868","post","type-post","status-publish","format-standard","has-post-thumbnail","hentry","category-uncategorized"],"_links":{"self":[{"href":"https:\/\/diariodepernambuco.audiencelabs.com.br\/wp-json\/wp\/v2\/posts\/5868","targetHints":{"allow":["GET"]}}],"collection":[{"href":"https:\/\/diariodepernambuco.audiencelabs.com.br\/wp-json\/wp\/v2\/posts"}],"about":[{"href":"https:\/\/diariodepernambuco.audiencelabs.com.br\/wp-json\/wp\/v2\/types\/post"}],"author":[{"embeddable":true,"href":"https:\/\/diariodepernambuco.audiencelabs.com.br\/wp-json\/wp\/v2\/users\/4"}],"replies":[{"embeddable":true,"href":"https:\/\/diariodepernambuco.audiencelabs.com.br\/wp-json\/wp\/v2\/comments?post=5868"}],"version-history":[{"count":2,"href":"https:\/\/diariodepernambuco.audiencelabs.com.br\/wp-json\/wp\/v2\/posts\/5868\/revisions"}],"predecessor-version":[{"id":5872,"href":"https:\/\/diariodepernambuco.audiencelabs.com.br\/wp-json\/wp\/v2\/posts\/5868\/revisions\/5872"}],"wp:featuredmedia":[{"embeddable":true,"href":"https:\/\/diariodepernambuco.audiencelabs.com.br\/wp-json\/wp\/v2\/media\/5871"}],"wp:attachment":[{"href":"https:\/\/diariodepernambuco.audiencelabs.com.br\/wp-json\/wp\/v2\/media?parent=5868"}],"wp:term":[{"taxonomy":"category","embeddable":true,"href":"https:\/\/diariodepernambuco.audiencelabs.com.br\/wp-json\/wp\/v2\/categories?post=5868"},{"taxonomy":"post_tag","embeddable":true,"href":"https:\/\/diariodepernambuco.audiencelabs.com.br\/wp-json\/wp\/v2\/tags?post=5868"}],"curies":[{"name":"wp","href":"https:\/\/api.w.org\/{rel}","templated":true}]}}