{"id":5873,"date":"2025-10-10T15:30:00","date_gmt":"2025-10-10T18:30:00","guid":{"rendered":"https:\/\/diariodepernambuco.audiencelabs.com.br\/?p=5873"},"modified":"2025-10-09T14:25:08","modified_gmt":"2025-10-09T17:25:08","slug":"revelado-quem-deve-ser-eleito-presidente-do-brasil-em-2026","status":"publish","type":"post","link":"https:\/\/diariodepernambuco.audiencelabs.com.br\/revelado-quem-deve-ser-eleito-presidente-do-brasil-em-2026\/","title":{"rendered":"Revelado quem deve ser eleito presidente do Brasil em 2026"},"content":{"rendered":"\n<p>Com a aproxima\u00e7\u00e3o das elei\u00e7\u00f5es presidenciais de 2026, o cen\u00e1rio pol\u00edtico brasileiro come\u00e7a a se tornar mais claro. Pesquisas de inten\u00e7\u00e3o de voto e an\u00e1lises de especialistas t\u00eam destacado alguns nomes como poss\u00edveis candidatos, provocando debates e especula\u00e7\u00f5es sobre quem poder\u00e1 liderar o pa\u00eds nos pr\u00f3ximos anos.<\/p>\n\n\n\n<p>Ap\u00f3s registrar resultados pr\u00f3ximos ou ligeiramente abaixo de seus principais concorrentes, dentro da margem de erro, na corrida pelo Planalto, o presidente Luiz In\u00e1cio Lula da Silva (PT) se encaminha para encerrar 2025 como favorito. Esse panorama \u00e9 refor\u00e7ado por levantamentos divulgados pelas principais empresas de pesquisa.<\/p>\n\n\n\n<p>Segundo levantamento da Quaest, encomendado pela Genial Investimentos, Lula venceria todos os nove potenciais advers\u00e1rios em cen\u00e1rios de segundo turno. A pesquisa foi realizada entre 2 e 5 de outubro, com 2.004 entrevistados, e apresenta uma margem de erro de dois pontos percentuais.<\/p>\n\n\n\n<p>Os resultados indicam que Lula superaria Jair Bolsonaro por 10 pontos e Ciro Gomes por nove pontos. Contra Tarc\u00edsio de Freitas, a vantagem chegaria a 12 pontos. O presidente tamb\u00e9m sairia vitorioso em confrontos com nomes como Ratinho Jr., Romeu Zema, Eduardo Bolsonaro e Eduardo Leite.<\/p>\n\n\n\n<p>Ainda n\u00e3o \u00e9 poss\u00edvel determinar se esse cen\u00e1rio favor\u00e1vel a Lula se manter\u00e1 at\u00e9 o primeiro turno das elei\u00e7\u00f5es presidenciais, marcado para 4 de outubro de 2026. No momento, o que se percebe \u00e9 que o ambiente pol\u00edtico est\u00e1 mais favor\u00e1vel ao petista do que em qualquer outro ponto de seu terceiro mandato.<\/p>\n\n\n\n<h2 class=\"wp-block-heading\">Popularidade ainda \u00e9 obst\u00e1culo para Lula<\/h2>\n\n\n\n<p>Ap\u00f3s enfrentar uma queda de popularidade no primeiro semestre, em decorr\u00eancia de pesquisas de opini\u00e3o, Luiz In\u00e1cio Lula da Silva (PT) come\u00e7ou a se recuperar faltando um ano para as elei\u00e7\u00f5es de 4 de outubro de 2026, embora seu desempenho ainda permane\u00e7a abaixo da m\u00e9dia de presidentes que se reelegeram ou elegeram sucessores.<\/p>\n\n\n\n<p>No in\u00edcio do ano, a aprova\u00e7\u00e3o do presidente caiu diante da alta da infla\u00e7\u00e3o dos alimentos e da pol\u00eamica envolvendo a crise do Pix. Com o tempo, fatores internos e externos ajudaram o governo a recuperar f\u00f4lego, e alguns institutos atualmente apontam um empate t\u00e9cnico entre aprova\u00e7\u00e3o e desaprova\u00e7\u00e3o da gest\u00e3o.<\/p>\n\n\n\n<p><\/p>\n","protected":false},"excerpt":{"rendered":"<p>Com a aproxima\u00e7\u00e3o das elei\u00e7\u00f5es presidenciais de 2026, o cen\u00e1rio pol\u00edtico brasileiro come\u00e7a a se tornar mais claro. Pesquisas de inten\u00e7\u00e3o de voto e an\u00e1lises de especialistas t\u00eam destacado alguns nomes como poss\u00edveis candidatos, provocando debates e especula\u00e7\u00f5es sobre quem poder\u00e1 liderar o pa\u00eds nos pr\u00f3ximos anos. Ap\u00f3s registrar resultados pr\u00f3ximos ou ligeiramente abaixo de [&hellip;]<\/p>\n","protected":false},"author":4,"featured_media":3733,"comment_status":"open","ping_status":"open","sticky":false,"template":"","format":"standard","meta":{"jnews-multi-image_gallery":[],"jnews_single_post":[],"jnews_primary_category":[],"jnews_social_meta":[],"jnews_post_split":[],"footnotes":""},"categories":[1],"tags":[],"class_list":["post-5873","post","type-post","status-publish","format-standard","has-post-thumbnail","hentry","category-uncategorized"],"_links":{"self":[{"href":"https:\/\/diariodepernambuco.audiencelabs.com.br\/wp-json\/wp\/v2\/posts\/5873","targetHints":{"allow":["GET"]}}],"collection":[{"href":"https:\/\/diariodepernambuco.audiencelabs.com.br\/wp-json\/wp\/v2\/posts"}],"about":[{"href":"https:\/\/diariodepernambuco.audiencelabs.com.br\/wp-json\/wp\/v2\/types\/post"}],"author":[{"embeddable":true,"href":"https:\/\/diariodepernambuco.audiencelabs.com.br\/wp-json\/wp\/v2\/users\/4"}],"replies":[{"embeddable":true,"href":"https:\/\/diariodepernambuco.audiencelabs.com.br\/wp-json\/wp\/v2\/comments?post=5873"}],"version-history":[{"count":2,"href":"https:\/\/diariodepernambuco.audiencelabs.com.br\/wp-json\/wp\/v2\/posts\/5873\/revisions"}],"predecessor-version":[{"id":5875,"href":"https:\/\/diariodepernambuco.audiencelabs.com.br\/wp-json\/wp\/v2\/posts\/5873\/revisions\/5875"}],"wp:featuredmedia":[{"embeddable":true,"href":"https:\/\/diariodepernambuco.audiencelabs.com.br\/wp-json\/wp\/v2\/media\/3733"}],"wp:attachment":[{"href":"https:\/\/diariodepernambuco.audiencelabs.com.br\/wp-json\/wp\/v2\/media?parent=5873"}],"wp:term":[{"taxonomy":"category","embeddable":true,"href":"https:\/\/diariodepernambuco.audiencelabs.com.br\/wp-json\/wp\/v2\/categories?post=5873"},{"taxonomy":"post_tag","embeddable":true,"href":"https:\/\/diariodepernambuco.audiencelabs.com.br\/wp-json\/wp\/v2\/tags?post=5873"}],"curies":[{"name":"wp","href":"https:\/\/api.w.org\/{rel}","templated":true}]}}