{"id":5923,"date":"2025-10-12T00:24:00","date_gmt":"2025-10-12T03:24:00","guid":{"rendered":"https:\/\/diariodepernambuco.audiencelabs.com.br\/?p=5923"},"modified":"2025-10-09T17:06:42","modified_gmt":"2025-10-09T20:06:42","slug":"fim-do-ar-condicionado-nova-tecnologia-consome-muito-menos-energia","status":"publish","type":"post","link":"https:\/\/diariodepernambuco.audiencelabs.com.br\/fim-do-ar-condicionado-nova-tecnologia-consome-muito-menos-energia\/","title":{"rendered":"Fim do ar-condicionado? Nova tecnologia consome muito menos energia"},"content":{"rendered":"\n<p>Diante da crescente preocupa\u00e7\u00e3o com o consumo de energia e o impacto ambiental dos aparelhos de ar-condicionado, uma nova tecnologia francesa promete revolucionar a climatiza\u00e7\u00e3o residencial e comercial. Desenvolvido pela startup Caeli Energi, o equipamento se destaca por consumir at\u00e9 cinco vezes menos energia e apresentar uma efici\u00eancia t\u00e9rmica quatro vezes superior \u00e0 dos modelos tradicionais.<\/p>\n\n\n\n<p>Fundada em 2020, a Caeli Energi surgiu com o objetivo de enfrentar um dos maiores desafios da climatiza\u00e7\u00e3o moderna: o elevado consumo de energia e a emiss\u00e3o de gases que contribuem para o efeito estufa. Para transformar a ideia em realidade, a empresa contou com o apoio do Centro Nacional Franc\u00eas de Pesquisa Cient\u00edfica (CNRS), refer\u00eancia internacional em inova\u00e7\u00e3o e sustentabilidade.<\/p>\n\n\n\n<p>O grande diferencial do novo sistema est\u00e1 na combina\u00e7\u00e3o entre baixo consumo energ\u00e9tico e alto desempenho de resfriamento. Segundo a startup, o equipamento consegue climatizar ambientes de forma mais r\u00e1pida e est\u00e1vel, mantendo temperaturas agrad\u00e1veis com muito menos demanda el\u00e9trica.<\/p>\n\n\n\n<p>Essa efici\u00eancia pode gerar economias consider\u00e1veis na conta de energia, especialmente em pa\u00edses com ver\u00f5es rigorosos \u2014 como o Brasil \u2014, onde o ar-condicionado frequentemente figura entre os maiores respons\u00e1veis pelo consumo dom\u00e9stico.<\/p>\n\n\n\n<h2 class=\"wp-block-heading\">Sustentabilidade e economia de energia impulsionam a inova\u00e7\u00e3o<\/h2>\n\n\n\n<p>Al\u00e9m de reduzir significativamente o consumo de eletricidade, a tecnologia da Caeli Energi tamb\u00e9m contribui para a diminui\u00e7\u00e3o da emiss\u00e3o de gases de efeito estufa, oferecendo uma alternativa mais sustent\u00e1vel aos sistemas de climatiza\u00e7\u00e3o convencionais. Essa abordagem alia inova\u00e7\u00e3o tecnol\u00f3gica e responsabilidade ambiental.<\/p>\n\n\n\n<p>Especialistas destacam que, com a ado\u00e7\u00e3o em larga escala, a solu\u00e7\u00e3o n\u00e3o s\u00f3 promete reduzir custos para os consumidores, mas tamb\u00e9m aliviar a press\u00e3o sobre redes el\u00e9tricas, especialmente em per\u00edodos de maior demanda. Dessa forma, a tecnologia francesa surge como uma op\u00e7\u00e3o eficiente e ambientalmente consciente, capaz de atender \u00e0s necessidades de conforto t\u00e9rmico sem comprometer o planeta.<\/p>\n","protected":false},"excerpt":{"rendered":"<p>Diante da crescente preocupa\u00e7\u00e3o com o consumo de energia e o impacto ambiental dos aparelhos de ar-condicionado, uma nova tecnologia francesa promete revolucionar a climatiza\u00e7\u00e3o residencial e comercial. Desenvolvido pela startup Caeli Energi, o equipamento se destaca por consumir at\u00e9 cinco vezes menos energia e apresentar uma efici\u00eancia t\u00e9rmica quatro vezes superior \u00e0 dos modelos [&hellip;]<\/p>\n","protected":false},"author":4,"featured_media":5926,"comment_status":"open","ping_status":"open","sticky":false,"template":"","format":"standard","meta":{"jnews-multi-image_gallery":[],"jnews_single_post":{"format":"standard"},"jnews_primary_category":[],"jnews_social_meta":[],"jnews_post_split":[],"footnotes":""},"categories":[1],"tags":[],"class_list":["post-5923","post","type-post","status-publish","format-standard","has-post-thumbnail","hentry","category-uncategorized"],"_links":{"self":[{"href":"https:\/\/diariodepernambuco.audiencelabs.com.br\/wp-json\/wp\/v2\/posts\/5923","targetHints":{"allow":["GET"]}}],"collection":[{"href":"https:\/\/diariodepernambuco.audiencelabs.com.br\/wp-json\/wp\/v2\/posts"}],"about":[{"href":"https:\/\/diariodepernambuco.audiencelabs.com.br\/wp-json\/wp\/v2\/types\/post"}],"author":[{"embeddable":true,"href":"https:\/\/diariodepernambuco.audiencelabs.com.br\/wp-json\/wp\/v2\/users\/4"}],"replies":[{"embeddable":true,"href":"https:\/\/diariodepernambuco.audiencelabs.com.br\/wp-json\/wp\/v2\/comments?post=5923"}],"version-history":[{"count":3,"href":"https:\/\/diariodepernambuco.audiencelabs.com.br\/wp-json\/wp\/v2\/posts\/5923\/revisions"}],"predecessor-version":[{"id":5928,"href":"https:\/\/diariodepernambuco.audiencelabs.com.br\/wp-json\/wp\/v2\/posts\/5923\/revisions\/5928"}],"wp:featuredmedia":[{"embeddable":true,"href":"https:\/\/diariodepernambuco.audiencelabs.com.br\/wp-json\/wp\/v2\/media\/5926"}],"wp:attachment":[{"href":"https:\/\/diariodepernambuco.audiencelabs.com.br\/wp-json\/wp\/v2\/media?parent=5923"}],"wp:term":[{"taxonomy":"category","embeddable":true,"href":"https:\/\/diariodepernambuco.audiencelabs.com.br\/wp-json\/wp\/v2\/categories?post=5923"},{"taxonomy":"post_tag","embeddable":true,"href":"https:\/\/diariodepernambuco.audiencelabs.com.br\/wp-json\/wp\/v2\/tags?post=5923"}],"curies":[{"name":"wp","href":"https:\/\/api.w.org\/{rel}","templated":true}]}}