{"id":5962,"date":"2025-10-13T09:00:00","date_gmt":"2025-10-13T12:00:00","guid":{"rendered":"https:\/\/diariodepernambuco.audiencelabs.com.br\/?p=5962"},"modified":"2025-10-10T12:04:17","modified_gmt":"2025-10-10T15:04:17","slug":"renomada-fabrica-demite-todo-mundo-e-anuncia-fechamento","status":"publish","type":"post","link":"https:\/\/diariodepernambuco.audiencelabs.com.br\/renomada-fabrica-demite-todo-mundo-e-anuncia-fechamento\/","title":{"rendered":"Renomadas f\u00e1bricas demitem todo mundo e anunciam fechamento"},"content":{"rendered":"\n<p>As ind\u00fastrias de cal\u00e7ados Azul Safira e LQ, sediadas em Chapada, no norte do Rio Grande do Sul, encerraram suas atividades ap\u00f3s quase 14 anos de opera\u00e7\u00e3o. O \u00faltimo dia de funcionamento foi em 10 de outubro. No total, 135 trabalhadores foram desligados, e o espa\u00e7o utilizado pelas f\u00e1bricas foi devolvido \u00e0 prefeitura do munic\u00edpio, que tem cerca de 9,5 mil habitantes.<\/p>\n\n\n\n<p>O encerramento das atividades est\u00e1 ligado \u00e0s dificuldades enfrentadas desde a pandemia, sem rela\u00e7\u00e3o direta com o tarifa\u00e7o imposto por Donald Trump, embora o setor cal\u00e7adista ga\u00facho tenha sentido seus reflexos. As empresas, que possuem acionistas chineses, produziam botas femininas de inverno destinadas ao mercado interno \u2014 sendo 80% das vendas para o estado de S\u00e3o Paulo.<\/p>\n\n\n\n<p>Al\u00e9m dos impactos da pandemia, os invernos mais amenos registrados em 2022, 2023 e 2024 tamb\u00e9m contribu\u00edram para a queda na demanda e agravaram a crise das f\u00e1bricas. As dificuldades do mercado afetaram a produ\u00e7\u00e3o: pouco antes do fechamento, as f\u00e1bricas produziam 2,5 mil pares de cal\u00e7ados por dia, 66% a menos que antes da pandemia.<\/p>\n\n\n\n<p>&#8220;Todos os funcion\u00e1rios v\u00e3o sair com seus direitos; a empresa sempre foi muito correta, n\u00e3o teve uma m\u00e3o cheia de a\u00e7\u00f5es trabalhistas em seus quase 14 anos de atua\u00e7\u00e3o&#8221;, disse o gerente Volmar St\u00fcrmer em entrevista ao portal GZH.<\/p>\n\n\n\n<h2 class=\"wp-block-heading\">Impactos do fechamento e perspectivas para os trabalhadores<\/h2>\n\n\n\n<p>O encerramento das f\u00e1bricas deixa um impacto significativo na economia local, considerando que Chapada tem pouco mais de 9 mil habitantes e as ind\u00fastrias eram importantes geradoras de emprego na regi\u00e3o.<\/p>\n\n\n\n<p>A sa\u00edda de 135 trabalhadores representa n\u00e3o apenas a perda de renda para essas fam\u00edlias, mas tamb\u00e9m um desafio para o munic\u00edpio em termos de recoloca\u00e7\u00e3o profissional e manuten\u00e7\u00e3o da atividade econ\u00f4mica. Apesar da situa\u00e7\u00e3o dif\u00edcil, a empresa garantiu que todos os funcion\u00e1rios receber\u00e3o seus direitos trabalhistas.<\/p>\n\n\n\n<p><\/p>\n","protected":false},"excerpt":{"rendered":"<p>As ind\u00fastrias de cal\u00e7ados Azul Safira e LQ, sediadas em Chapada, no norte do Rio Grande do Sul, encerraram suas atividades ap\u00f3s quase 14 anos de opera\u00e7\u00e3o. O \u00faltimo dia de funcionamento foi em 10 de outubro. No total, 135 trabalhadores foram desligados, e o espa\u00e7o utilizado pelas f\u00e1bricas foi devolvido \u00e0 prefeitura do munic\u00edpio, [&hellip;]<\/p>\n","protected":false},"author":4,"featured_media":5965,"comment_status":"open","ping_status":"open","sticky":false,"template":"","format":"standard","meta":{"jnews-multi-image_gallery":[],"jnews_single_post":{"format":"standard"},"jnews_primary_category":[],"jnews_social_meta":[],"jnews_post_split":[],"footnotes":""},"categories":[1],"tags":[],"class_list":["post-5962","post","type-post","status-publish","format-standard","has-post-thumbnail","hentry","category-uncategorized"],"_links":{"self":[{"href":"https:\/\/diariodepernambuco.audiencelabs.com.br\/wp-json\/wp\/v2\/posts\/5962","targetHints":{"allow":["GET"]}}],"collection":[{"href":"https:\/\/diariodepernambuco.audiencelabs.com.br\/wp-json\/wp\/v2\/posts"}],"about":[{"href":"https:\/\/diariodepernambuco.audiencelabs.com.br\/wp-json\/wp\/v2\/types\/post"}],"author":[{"embeddable":true,"href":"https:\/\/diariodepernambuco.audiencelabs.com.br\/wp-json\/wp\/v2\/users\/4"}],"replies":[{"embeddable":true,"href":"https:\/\/diariodepernambuco.audiencelabs.com.br\/wp-json\/wp\/v2\/comments?post=5962"}],"version-history":[{"count":3,"href":"https:\/\/diariodepernambuco.audiencelabs.com.br\/wp-json\/wp\/v2\/posts\/5962\/revisions"}],"predecessor-version":[{"id":5967,"href":"https:\/\/diariodepernambuco.audiencelabs.com.br\/wp-json\/wp\/v2\/posts\/5962\/revisions\/5967"}],"wp:featuredmedia":[{"embeddable":true,"href":"https:\/\/diariodepernambuco.audiencelabs.com.br\/wp-json\/wp\/v2\/media\/5965"}],"wp:attachment":[{"href":"https:\/\/diariodepernambuco.audiencelabs.com.br\/wp-json\/wp\/v2\/media?parent=5962"}],"wp:term":[{"taxonomy":"category","embeddable":true,"href":"https:\/\/diariodepernambuco.audiencelabs.com.br\/wp-json\/wp\/v2\/categories?post=5962"},{"taxonomy":"post_tag","embeddable":true,"href":"https:\/\/diariodepernambuco.audiencelabs.com.br\/wp-json\/wp\/v2\/tags?post=5962"}],"curies":[{"name":"wp","href":"https:\/\/api.w.org\/{rel}","templated":true}]}}