{"id":5980,"date":"2025-10-10T12:34:29","date_gmt":"2025-10-10T15:34:29","guid":{"rendered":"https:\/\/diariodepernambuco.audiencelabs.com.br\/?p=5980"},"modified":"2025-10-10T12:34:32","modified_gmt":"2025-10-10T15:34:32","slug":"brasileiros-vao-ganhar-80-mil-financiamentos-da-caixa-em-2026","status":"publish","type":"post","link":"https:\/\/diariodepernambuco.audiencelabs.com.br\/brasileiros-vao-ganhar-80-mil-financiamentos-da-caixa-em-2026\/","title":{"rendered":"Brasileiros v\u00e3o ganhar 80 mil financiamentos da Caixa em 2026"},"content":{"rendered":"\n<p>A nova pol\u00edtica habitacional voltada \u00e0 classe m\u00e9dia, que ser\u00e1 anunciada pelo governo federal nesta sexta-feira (10), deve gerar, apenas para a Caixa Econ\u00f4mica Federal, 80 mil unidades financiadas adicionais em 2026, informou o ministro das Cidades, Jader Filho. Ele falou sobre o assunto durante o evento \u201cIncorpora 2025\u201d, organizado pela Abrainc em S\u00e3o Paulo.<\/p>\n\n\n\n<p>Sem entrar em detalhes, Jader Filho explicou que a iniciativa vai ampliar o acesso ao cr\u00e9dito imobili\u00e1rio para a classe m\u00e9dia n\u00e3o atendida pela Faixa 4 do Minha Casa, Minha Vida \u2014 conhecida como Faixa Classe M\u00e9dia \u2014 que atende fam\u00edlias com renda de at\u00e9 R$ 12 mil. O novo programa deve contemplar fam\u00edlias com renda entre R$ 12 mil e R$ 20 mil.<\/p>\n\n\n\n<p>A principal a\u00e7\u00e3o do programa envolve a destina\u00e7\u00e3o da poupan\u00e7a. Atualmente, o Banco Central exige que os bancos mantenham 20% dos dep\u00f3sitos de poupan\u00e7a como compuls\u00f3rio. Com a medida, parte desses recursos ser\u00e1 liberada, permitindo que sejam usados no financiamento de moradias.<\/p>\n\n\n\n<p>Ainda n\u00e3o foi definido para qual n\u00edvel ser\u00e1 reduzido o recolhimento compuls\u00f3rio da poupan\u00e7a, apenas como ser\u00e1 distribu\u00eddo: 80% dos recursos ir\u00e3o para o Sistema Financeiro da Habita\u00e7\u00e3o (SFH) e 20% para o Sistema Financeiro Imobili\u00e1rio (SFI).<\/p>\n\n\n\n<h2 class=\"wp-block-heading\">Como realizar um financiamento na Caixa<\/h2>\n\n\n\n<ol class=\"wp-block-list\">\n<li>Verifique as condi\u00e7\u00f5es e seu perfil<\/li>\n<\/ol>\n\n\n\n<p>Antes de tudo, confira se voc\u00ea atende aos requisitos do financiamento:<\/p>\n\n\n\n<ul class=\"wp-block-list\">\n<li>Idade m\u00ednima de 18 anos.<\/li>\n\n\n\n<li>Renda compat\u00edvel com o valor do im\u00f3vel e da parcela desejada.<\/li>\n\n\n\n<li>Situa\u00e7\u00e3o regular de cr\u00e9dito (sem restri\u00e7\u00f5es no CPF).<\/li>\n\n\n\n<li>Documentos pessoais e comprovantes de renda atualizados.<\/li>\n<\/ul>\n\n\n\n<ol start=\"2\" class=\"wp-block-list\">\n<li>Escolha do im\u00f3vel<\/li>\n<\/ol>\n\n\n\n<ul class=\"wp-block-list\">\n<li>O im\u00f3vel pode ser novo ou usado, residencial ou comercial (dependendo do programa). A Caixa possui limites de valores de acordo com cada cidade e programa habitacional.<\/li>\n<\/ul>\n\n\n\n<ol start=\"3\" class=\"wp-block-list\">\n<li>Simule o financiamento<\/li>\n<\/ol>\n\n\n\n<ul class=\"wp-block-list\">\n<li>No site da Caixa ou em uma ag\u00eancia, voc\u00ea pode usar simuladores para ter uma ideia do valor da entrada, da parcela e do prazo de pagamento. Isso ajuda a planejar seu or\u00e7amento.<\/li>\n<\/ul>\n\n\n\n<ol start=\"4\" class=\"wp-block-list\">\n<li>Separe a documenta\u00e7\u00e3o<\/li>\n<\/ol>\n\n\n\n<ul class=\"wp-block-list\">\n<li>RG e CPF.<\/li>\n\n\n\n<li>Comprovante de renda (holerites, extratos banc\u00e1rios, declara\u00e7\u00e3o de Imposto de Renda).<\/li>\n\n\n\n<li>Comprovante de estado civil (certid\u00e3o de casamento ou nascimento).<\/li>\n\n\n\n<li>Documentos do im\u00f3vel (matr\u00edcula atualizada, escritura, contrato de compra e venda).<\/li>\n<\/ul>\n\n\n\n<ol start=\"5\" class=\"wp-block-list\">\n<li>Solicite o financiamento<\/li>\n<\/ol>\n\n\n\n<ul class=\"wp-block-list\">\n<li>Voc\u00ea pode dar entrada no pedido pelo site da Caixa ou presencialmente em uma ag\u00eancia. Um gerente far\u00e1 a an\u00e1lise de cr\u00e9dito e a avalia\u00e7\u00e3o do im\u00f3vel.<\/li>\n<\/ul>\n\n\n\n<ol start=\"6\" class=\"wp-block-list\">\n<li>Aguarde a aprova\u00e7\u00e3o<\/li>\n<\/ol>\n\n\n\n<ul class=\"wp-block-list\">\n<li>Ap\u00f3s an\u00e1lise de cr\u00e9dito e documenta\u00e7\u00e3o, a Caixa libera o financiamento e define o valor das parcelas e o prazo de pagamento.<\/li>\n<\/ul>\n\n\n\n<ol start=\"7\" class=\"wp-block-list\">\n<li>Assinatura do contrato<\/li>\n<\/ol>\n\n\n\n<ul class=\"wp-block-list\">\n<li>Com a aprova\u00e7\u00e3o, voc\u00ea assina o contrato de financiamento, paga a entrada e aguarda a libera\u00e7\u00e3o do recurso para a compra do im\u00f3vel.<\/li>\n<\/ul>\n\n\n\n<p><\/p>\n","protected":false},"excerpt":{"rendered":"<p>A nova pol\u00edtica habitacional voltada \u00e0 classe m\u00e9dia, que ser\u00e1 anunciada pelo governo federal nesta sexta-feira (10), deve gerar, apenas para a Caixa Econ\u00f4mica Federal, 80 mil unidades financiadas adicionais em 2026, informou o ministro das Cidades, Jader Filho. Ele falou sobre o assunto durante o evento \u201cIncorpora 2025\u201d, organizado pela Abrainc em S\u00e3o Paulo. [&hellip;]<\/p>\n","protected":false},"author":4,"featured_media":1790,"comment_status":"open","ping_status":"open","sticky":false,"template":"","format":"standard","meta":{"jnews-multi-image_gallery":[],"jnews_single_post":{"format":"standard"},"jnews_primary_category":[],"jnews_social_meta":[],"jnews_post_split":[],"footnotes":""},"categories":[1],"tags":[],"class_list":["post-5980","post","type-post","status-publish","format-standard","has-post-thumbnail","hentry","category-uncategorized"],"_links":{"self":[{"href":"https:\/\/diariodepernambuco.audiencelabs.com.br\/wp-json\/wp\/v2\/posts\/5980","targetHints":{"allow":["GET"]}}],"collection":[{"href":"https:\/\/diariodepernambuco.audiencelabs.com.br\/wp-json\/wp\/v2\/posts"}],"about":[{"href":"https:\/\/diariodepernambuco.audiencelabs.com.br\/wp-json\/wp\/v2\/types\/post"}],"author":[{"embeddable":true,"href":"https:\/\/diariodepernambuco.audiencelabs.com.br\/wp-json\/wp\/v2\/users\/4"}],"replies":[{"embeddable":true,"href":"https:\/\/diariodepernambuco.audiencelabs.com.br\/wp-json\/wp\/v2\/comments?post=5980"}],"version-history":[{"count":1,"href":"https:\/\/diariodepernambuco.audiencelabs.com.br\/wp-json\/wp\/v2\/posts\/5980\/revisions"}],"predecessor-version":[{"id":5981,"href":"https:\/\/diariodepernambuco.audiencelabs.com.br\/wp-json\/wp\/v2\/posts\/5980\/revisions\/5981"}],"wp:featuredmedia":[{"embeddable":true,"href":"https:\/\/diariodepernambuco.audiencelabs.com.br\/wp-json\/wp\/v2\/media\/1790"}],"wp:attachment":[{"href":"https:\/\/diariodepernambuco.audiencelabs.com.br\/wp-json\/wp\/v2\/media?parent=5980"}],"wp:term":[{"taxonomy":"category","embeddable":true,"href":"https:\/\/diariodepernambuco.audiencelabs.com.br\/wp-json\/wp\/v2\/categories?post=5980"},{"taxonomy":"post_tag","embeddable":true,"href":"https:\/\/diariodepernambuco.audiencelabs.com.br\/wp-json\/wp\/v2\/tags?post=5980"}],"curies":[{"name":"wp","href":"https:\/\/api.w.org\/{rel}","templated":true}]}}