{"id":5982,"date":"2025-10-10T13:50:50","date_gmt":"2025-10-10T16:50:50","guid":{"rendered":"https:\/\/diariodepernambuco.audiencelabs.com.br\/?p=5982"},"modified":"2025-10-10T13:50:53","modified_gmt":"2025-10-10T16:50:53","slug":"matagal-comum-nas-calcadas-atrai-cobras-ratos-e-outras-pragas","status":"publish","type":"post","link":"https:\/\/diariodepernambuco.audiencelabs.com.br\/matagal-comum-nas-calcadas-atrai-cobras-ratos-e-outras-pragas\/","title":{"rendered":"Matagal comum nas cal\u00e7adas atrai cobras, ratos e outras pragas"},"content":{"rendered":"\n<p>No bairro Calung\u00e1, em Boa Vista, um matagal que se espalha pelas cal\u00e7adas vem chamando a aten\u00e7\u00e3o e gerando preocupa\u00e7\u00e3o entre os moradores. Al\u00e9m de prejudicar a circula\u00e7\u00e3o de pedestres, o terreno abandonado se tornou um verdadeiro ref\u00fagio para cobras, ratos e outras pragas, trazendo riscos \u00e0 sa\u00fade e \u00e0 seguran\u00e7a da comunidade.<\/p>\n\n\n\n<p>Ter esses \u201cvizinhos\u201d indesejados j\u00e1 se tornou rotina para os moradores da Travessa Manoel Pontes, segundo relata Maria Adelaide, que vive na regi\u00e3o h\u00e1 mais de 50 anos: &#8220;Desde sempre, tem 57 anos j\u00e1 que eu moro aqui. Entrar cobras ali em casa j\u00e1 \u00e9 uma situa\u00e7\u00e3o corriqueira&#8221;, disse a moradora em entrevista ao portal Folha BV.<\/p>\n\n\n\n<p>O matagal se encontra em um terreno abandonado, com a vegeta\u00e7\u00e3o j\u00e1 ultrapassando a altura do tapume met\u00e1lico que cerca a \u00e1rea. Sem manuten\u00e7\u00e3o, o local acaba atraindo diversos animais, como cobras, ratos, escorpi\u00f5es e aranhas. De acordo com a moradora Arlete Almeida, uma cobra cascavel chegou a invadir a casa vizinha \u00e0 dela.<\/p>\n\n\n\n<p>&#8220;Na casa dos vizinhos aqui ao lado acharam uma cascavel. Aqui em casa a gente achou uma cobrinha pequena. O gatinho estava brincando com ela&#8221;, disse ela. Outro morador, Lucas Correia, afirmou que o problema tamb\u00e9m ocorre em sua resid\u00eancia.<\/p>\n\n\n\n<h2 class=\"wp-block-heading\">Riscos \u00e0 sa\u00fade e a necessidade de a\u00e7\u00e3o imediata<\/h2>\n\n\n\n<p>O matagal no bairro Calung\u00e1 n\u00e3o representa apenas um inc\u00f4modo visual, mas tamb\u00e9m um s\u00e9rio risco \u00e0 sa\u00fade p\u00fablica. A presen\u00e7a constante de cobras, ratos, escorpi\u00f5es e outros animais pe\u00e7onhentos aumenta a probabilidade de acidentes e transmiss\u00e3o de doen\u00e7as, colocando em alerta os moradores da regi\u00e3o.<\/p>\n\n\n\n<p>Diante da situa\u00e7\u00e3o, a comunidade refor\u00e7a a urg\u00eancia de manuten\u00e7\u00e3o e limpeza do terreno. A a\u00e7\u00e3o das autoridades municipais \u00e9 fundamental para evitar novos incidentes e garantir que o espa\u00e7o urbano seja seguro para pedestres e residentes, prevenindo a prolifera\u00e7\u00e3o de pragas que j\u00e1 se tornaram comuns no local.<\/p>\n\n\n\n<p><\/p>\n","protected":false},"excerpt":{"rendered":"<p>No bairro Calung\u00e1, em Boa Vista, um matagal que se espalha pelas cal\u00e7adas vem chamando a aten\u00e7\u00e3o e gerando preocupa\u00e7\u00e3o entre os moradores. Al\u00e9m de prejudicar a circula\u00e7\u00e3o de pedestres, o terreno abandonado se tornou um verdadeiro ref\u00fagio para cobras, ratos e outras pragas, trazendo riscos \u00e0 sa\u00fade e \u00e0 seguran\u00e7a da comunidade. Ter esses [&hellip;]<\/p>\n","protected":false},"author":4,"featured_media":5984,"comment_status":"open","ping_status":"open","sticky":false,"template":"","format":"standard","meta":{"jnews-multi-image_gallery":[],"jnews_single_post":{"format":"standard"},"jnews_primary_category":[],"jnews_social_meta":[],"jnews_post_split":[],"footnotes":""},"categories":[1],"tags":[],"class_list":["post-5982","post","type-post","status-publish","format-standard","has-post-thumbnail","hentry","category-uncategorized"],"_links":{"self":[{"href":"https:\/\/diariodepernambuco.audiencelabs.com.br\/wp-json\/wp\/v2\/posts\/5982","targetHints":{"allow":["GET"]}}],"collection":[{"href":"https:\/\/diariodepernambuco.audiencelabs.com.br\/wp-json\/wp\/v2\/posts"}],"about":[{"href":"https:\/\/diariodepernambuco.audiencelabs.com.br\/wp-json\/wp\/v2\/types\/post"}],"author":[{"embeddable":true,"href":"https:\/\/diariodepernambuco.audiencelabs.com.br\/wp-json\/wp\/v2\/users\/4"}],"replies":[{"embeddable":true,"href":"https:\/\/diariodepernambuco.audiencelabs.com.br\/wp-json\/wp\/v2\/comments?post=5982"}],"version-history":[{"count":1,"href":"https:\/\/diariodepernambuco.audiencelabs.com.br\/wp-json\/wp\/v2\/posts\/5982\/revisions"}],"predecessor-version":[{"id":5985,"href":"https:\/\/diariodepernambuco.audiencelabs.com.br\/wp-json\/wp\/v2\/posts\/5982\/revisions\/5985"}],"wp:featuredmedia":[{"embeddable":true,"href":"https:\/\/diariodepernambuco.audiencelabs.com.br\/wp-json\/wp\/v2\/media\/5984"}],"wp:attachment":[{"href":"https:\/\/diariodepernambuco.audiencelabs.com.br\/wp-json\/wp\/v2\/media?parent=5982"}],"wp:term":[{"taxonomy":"category","embeddable":true,"href":"https:\/\/diariodepernambuco.audiencelabs.com.br\/wp-json\/wp\/v2\/categories?post=5982"},{"taxonomy":"post_tag","embeddable":true,"href":"https:\/\/diariodepernambuco.audiencelabs.com.br\/wp-json\/wp\/v2\/tags?post=5982"}],"curies":[{"name":"wp","href":"https:\/\/api.w.org\/{rel}","templated":true}]}}