{"id":5992,"date":"2025-10-12T01:20:00","date_gmt":"2025-10-12T04:20:00","guid":{"rendered":"https:\/\/diariodepernambuco.audiencelabs.com.br\/?p=5992"},"modified":"2025-10-10T15:12:12","modified_gmt":"2025-10-10T18:12:12","slug":"qual-a-verdadeira-religiao-de-jair-bolsonaro","status":"publish","type":"post","link":"https:\/\/diariodepernambuco.audiencelabs.com.br\/qual-a-verdadeira-religiao-de-jair-bolsonaro\/","title":{"rendered":"Qual a verdadeira religi\u00e3o de Jair Bolsonaro?"},"content":{"rendered":"\n<p>O ex-presidente Jair Bolsonaro \u00e9 frequentemente associado ao cristianismo, mas sua rela\u00e7\u00e3o com a religi\u00e3o desperta d\u00favidas e debates entre eleitores e especialistas. Ao longo dos anos, Bolsonaro fez declara\u00e7\u00f5es e adotou posturas que mesclam tradi\u00e7\u00f5es cat\u00f3licas e evang\u00e9licas, gerando questionamentos sobre qual \u00e9, de fato, sua f\u00e9 pessoal e como ela influencia sua vida p\u00fablica e pol\u00edtica.<\/p>\n\n\n\n<p>Bolsonaro nasceu em uma fam\u00edlia cat\u00f3lica e foi batizado na Igreja Cat\u00f3lica, mas ao longo da vida suas pr\u00e1ticas religiosas passaram a se aproximar mais do universo evang\u00e9lico. Em entrevistas e apari\u00e7\u00f5es p\u00fablicas, ele j\u00e1 afirmou ter se convertido a uma forma de cristianismo mais alinhada ao protestantismo, embora sem filia\u00e7\u00e3o formal a uma denomina\u00e7\u00e3o espec\u00edfica.<\/p>\n\n\n\n<p>Nos \u00faltimos anos, Bolsonaro se aproximou cada vez mais de pastores e lideran\u00e7as evang\u00e9licas, especialmente durante campanhas pol\u00edticas em busca de apoio. Esse alinhamento gerou d\u00favidas sobre sua religiosidade: alguns o veem como devoto, enquanto outros questionam se sua f\u00e9 tem mais car\u00e1ter pol\u00edtico do que espiritual.<\/p>\n\n\n\n<p>Al\u00e9m disso, Bolsonaro costuma enfatizar valores considerados crist\u00e3os em seus discursos, como a defesa da fam\u00edlia tradicional e a moralidade religiosa, refor\u00e7ando sua imagem junto a um p\u00fablico conservador. Essa mistura de pr\u00e1tica pessoal, conveni\u00eancia pol\u00edtica e identifica\u00e7\u00e3o com diferentes tradi\u00e7\u00f5es crist\u00e3s torna complexa a defini\u00e7\u00e3o de sua verdadeira religi\u00e3o.<\/p>\n\n\n\n<h2 class=\"wp-block-heading\">F\u00e9, pol\u00edtica e percep\u00e7\u00e3o p\u00fablica<\/h2>\n\n\n\n<p>A rela\u00e7\u00e3o de Bolsonaro com a religi\u00e3o vai al\u00e9m da pr\u00e1tica pessoal, refletindo tamb\u00e9m em sua estrat\u00e9gia pol\u00edtica. Ao se aproximar de l\u00edderes evang\u00e9licos e enfatizar valores crist\u00e3os em seus discursos, ele consolidou uma imagem de conservadorismo moral que ressoa com grande parte do eleitorado.<\/p>\n\n\n\n<p>Essa postura refor\u00e7a sua presen\u00e7a em debates sobre fam\u00edlia, educa\u00e7\u00e3o e costumes, temas centrais para a base que o apoia. No entanto, essa mistura de convic\u00e7\u00e3o pessoal e interesse pol\u00edtico torna dif\u00edcil definir sua f\u00e9 de forma clara.<\/p>\n\n\n\n<p><\/p>\n","protected":false},"excerpt":{"rendered":"<p>O ex-presidente Jair Bolsonaro \u00e9 frequentemente associado ao cristianismo, mas sua rela\u00e7\u00e3o com a religi\u00e3o desperta d\u00favidas e debates entre eleitores e especialistas. Ao longo dos anos, Bolsonaro fez declara\u00e7\u00f5es e adotou posturas que mesclam tradi\u00e7\u00f5es cat\u00f3licas e evang\u00e9licas, gerando questionamentos sobre qual \u00e9, de fato, sua f\u00e9 pessoal e como ela influencia sua vida [&hellip;]<\/p>\n","protected":false},"author":4,"featured_media":1497,"comment_status":"open","ping_status":"open","sticky":false,"template":"","format":"standard","meta":{"jnews-multi-image_gallery":[],"jnews_single_post":{"format":"standard"},"jnews_primary_category":[],"jnews_social_meta":[],"jnews_post_split":[],"footnotes":""},"categories":[1],"tags":[],"class_list":["post-5992","post","type-post","status-publish","format-standard","has-post-thumbnail","hentry","category-uncategorized"],"_links":{"self":[{"href":"https:\/\/diariodepernambuco.audiencelabs.com.br\/wp-json\/wp\/v2\/posts\/5992","targetHints":{"allow":["GET"]}}],"collection":[{"href":"https:\/\/diariodepernambuco.audiencelabs.com.br\/wp-json\/wp\/v2\/posts"}],"about":[{"href":"https:\/\/diariodepernambuco.audiencelabs.com.br\/wp-json\/wp\/v2\/types\/post"}],"author":[{"embeddable":true,"href":"https:\/\/diariodepernambuco.audiencelabs.com.br\/wp-json\/wp\/v2\/users\/4"}],"replies":[{"embeddable":true,"href":"https:\/\/diariodepernambuco.audiencelabs.com.br\/wp-json\/wp\/v2\/comments?post=5992"}],"version-history":[{"count":3,"href":"https:\/\/diariodepernambuco.audiencelabs.com.br\/wp-json\/wp\/v2\/posts\/5992\/revisions"}],"predecessor-version":[{"id":5996,"href":"https:\/\/diariodepernambuco.audiencelabs.com.br\/wp-json\/wp\/v2\/posts\/5992\/revisions\/5996"}],"wp:featuredmedia":[{"embeddable":true,"href":"https:\/\/diariodepernambuco.audiencelabs.com.br\/wp-json\/wp\/v2\/media\/1497"}],"wp:attachment":[{"href":"https:\/\/diariodepernambuco.audiencelabs.com.br\/wp-json\/wp\/v2\/media?parent=5992"}],"wp:term":[{"taxonomy":"category","embeddable":true,"href":"https:\/\/diariodepernambuco.audiencelabs.com.br\/wp-json\/wp\/v2\/categories?post=5992"},{"taxonomy":"post_tag","embeddable":true,"href":"https:\/\/diariodepernambuco.audiencelabs.com.br\/wp-json\/wp\/v2\/tags?post=5992"}],"curies":[{"name":"wp","href":"https:\/\/api.w.org\/{rel}","templated":true}]}}