{"id":5997,"date":"2025-10-13T15:30:00","date_gmt":"2025-10-13T18:30:00","guid":{"rendered":"https:\/\/diariodepernambuco.audiencelabs.com.br\/?p=5997"},"modified":"2025-10-10T15:21:42","modified_gmt":"2025-10-10T18:21:42","slug":"cratera-parecida-com-buraco-negro-engoliu-homem-que-estava-caminhando","status":"publish","type":"post","link":"https:\/\/diariodepernambuco.audiencelabs.com.br\/cratera-parecida-com-buraco-negro-engoliu-homem-que-estava-caminhando\/","title":{"rendered":"Cratera parecida com buraco negro engoliu homem que estava caminhando"},"content":{"rendered":"\n<p>Um incidente preocupante chamou a aten\u00e7\u00e3o dos moradores de Manaus, no Amazonas, na \u00faltima quinta-feira (9). C\u00e2meras de seguran\u00e7a registraram o momento em que a cal\u00e7ada de uma rua cedeu, fazendo com que um homem ca\u00edsse no buraco formado. De acordo com o g1, o acidente aconteceu na rua Paragua\u00e7u, no bairro Vila da Prata, Zona Oeste da cidade.<\/p>\n\n\n\n<p>Nas imagens, o pedestre \u00e9 visto caminhando pela cal\u00e7ada quando o ch\u00e3o cede de repente, fazendo com que ele caia no buraco. Dois motociclistas que passavam pelo local pararam para prestar ajuda. De acordo com a Prefeitura de Manaus, a v\u00edtima sofreu apenas arranh\u00f5es nos bra\u00e7os e n\u00e3o teve ferimentos graves. Confira o v\u00eddeo:<\/p>\n\n\n\n<figure class=\"wp-block-embed is-type-rich is-provider-twitter wp-block-embed-twitter\"><div class=\"wp-block-embed__wrapper\">\n<blockquote class=\"twitter-tweet\" data-width=\"500\" data-dnt=\"true\"><p lang=\"pt\" dir=\"ltr\">\ud83d\udd73\ud83d\ude28 Homem cai em buraco em Manaus e v\u00eddeo viraliza nas redes sociais<br><br>C\u00e2meras de seguran\u00e7a registraram o momento em que a cal\u00e7ada da rua Paragua\u00e7u, no bairro Vila da Prata, Zona Oeste de Manaus, cedeu e um homem caiu no buraco formado, nesta quinta-feira (9). <br><br>As imagens\u2026 <a href=\"https:\/\/t.co\/tIvsuNa3CF\" target=\"_blank\">pic.twitter.com\/tIvsuNa3CF<\/a><\/p>&mdash; Sputnik Brasil (@sputnik_brasil) <a href=\"https:\/\/twitter.com\/sputnik_brasil\/status\/1976528873849225400?ref_src=twsrc%5Etfw\" target=\"_blank\" rel=\"noopener\">October 10, 2025<\/a><\/blockquote><script async src=\"https:\/\/platform.twitter.com\/widgets.js\" charset=\"utf-8\"><\/script>\n<\/div><\/figure>\n\n\n\n<p>\u00c0 Rede Amaz\u00f4nica, moradores informaram que o buraco foi causado por um vazamento de esgoto em uma casa pr\u00f3xima, cuja caixa extravasava e encharcou o solo. Com o ac\u00famulo de \u00e1gua, o barro cedeu, formando o buraco justamente quando estudantes sa\u00edam de uma escola da regi\u00e3o.<\/p>\n\n\n\n<p>Segundo a Pol\u00edcia Militar, uma equipe foi acionada ap\u00f3s o incidente, mas ao chegar ao local o homem j\u00e1 havia sido retirado. Os policiais auxiliaram no isolamento da \u00e1rea. A Secretaria Municipal de Infraestrutura (Seminf) informou que equipes est\u00e3o substituindo a antiga tubula\u00e7\u00e3o por manilhas mais modernas e resistentes, visando garantir a efici\u00eancia do sistema de drenagem.<\/p>\n\n\n\n<h2 class=\"wp-block-heading\">Riscos urbanos e medidas de preven\u00e7\u00e3o<\/h2>\n\n\n\n<p>O incidente na rua Paragua\u00e7u evidencia os perigos que buracos e cal\u00e7adas danificadas representam para pedestres e moradores da regi\u00e3o. Vazamentos de esgoto, falta de manuten\u00e7\u00e3o e infraestrutura prec\u00e1ria aumentam a probabilidade de acidentes, tornando urgente a aten\u00e7\u00e3o das autoridades para evitar situa\u00e7\u00f5es semelhantes.<\/p>\n\n\n\n<p>Para reduzir esses riscos, a Prefeitura de Manaus tem intensificado a substitui\u00e7\u00e3o de tubula\u00e7\u00f5es antigas por manilhas mais modernas e refor\u00e7ado o monitoramento de \u00e1reas cr\u00edticas. A colabora\u00e7\u00e3o da popula\u00e7\u00e3o, ao denunciar problemas na rede de drenagem e cal\u00e7adas, tamb\u00e9m \u00e9 fundamental para garantir a seguran\u00e7a e prevenir novos acidentes.<\/p>\n\n\n\n<p><\/p>\n","protected":false},"excerpt":{"rendered":"<p>Um incidente preocupante chamou a aten\u00e7\u00e3o dos moradores de Manaus, no Amazonas, na \u00faltima quinta-feira (9). C\u00e2meras de seguran\u00e7a registraram o momento em que a cal\u00e7ada de uma rua cedeu, fazendo com que um homem ca\u00edsse no buraco formado. De acordo com o g1, o acidente aconteceu na rua Paragua\u00e7u, no bairro Vila da Prata, [&hellip;]<\/p>\n","protected":false},"author":4,"featured_media":5998,"comment_status":"open","ping_status":"open","sticky":false,"template":"","format":"standard","meta":{"jnews-multi-image_gallery":[],"jnews_single_post":{"format":"standard"},"jnews_primary_category":[],"jnews_social_meta":[],"jnews_post_split":[],"footnotes":""},"categories":[1],"tags":[],"class_list":["post-5997","post","type-post","status-publish","format-standard","has-post-thumbnail","hentry","category-uncategorized"],"_links":{"self":[{"href":"https:\/\/diariodepernambuco.audiencelabs.com.br\/wp-json\/wp\/v2\/posts\/5997","targetHints":{"allow":["GET"]}}],"collection":[{"href":"https:\/\/diariodepernambuco.audiencelabs.com.br\/wp-json\/wp\/v2\/posts"}],"about":[{"href":"https:\/\/diariodepernambuco.audiencelabs.com.br\/wp-json\/wp\/v2\/types\/post"}],"author":[{"embeddable":true,"href":"https:\/\/diariodepernambuco.audiencelabs.com.br\/wp-json\/wp\/v2\/users\/4"}],"replies":[{"embeddable":true,"href":"https:\/\/diariodepernambuco.audiencelabs.com.br\/wp-json\/wp\/v2\/comments?post=5997"}],"version-history":[{"count":2,"href":"https:\/\/diariodepernambuco.audiencelabs.com.br\/wp-json\/wp\/v2\/posts\/5997\/revisions"}],"predecessor-version":[{"id":6001,"href":"https:\/\/diariodepernambuco.audiencelabs.com.br\/wp-json\/wp\/v2\/posts\/5997\/revisions\/6001"}],"wp:featuredmedia":[{"embeddable":true,"href":"https:\/\/diariodepernambuco.audiencelabs.com.br\/wp-json\/wp\/v2\/media\/5998"}],"wp:attachment":[{"href":"https:\/\/diariodepernambuco.audiencelabs.com.br\/wp-json\/wp\/v2\/media?parent=5997"}],"wp:term":[{"taxonomy":"category","embeddable":true,"href":"https:\/\/diariodepernambuco.audiencelabs.com.br\/wp-json\/wp\/v2\/categories?post=5997"},{"taxonomy":"post_tag","embeddable":true,"href":"https:\/\/diariodepernambuco.audiencelabs.com.br\/wp-json\/wp\/v2\/tags?post=5997"}],"curies":[{"name":"wp","href":"https:\/\/api.w.org\/{rel}","templated":true}]}}