{"id":6004,"date":"2025-10-13T17:30:00","date_gmt":"2025-10-13T20:30:00","guid":{"rendered":"https:\/\/diariodepernambuco.audiencelabs.com.br\/?p=6004"},"modified":"2025-10-10T15:43:14","modified_gmt":"2025-10-10T18:43:14","slug":"caixa-traz-melhor-noticia-do-ano-para-quem-tem-sonho-da-casa-propria","status":"publish","type":"post","link":"https:\/\/diariodepernambuco.audiencelabs.com.br\/caixa-traz-melhor-noticia-do-ano-para-quem-tem-sonho-da-casa-propria\/","title":{"rendered":"Caixa traz melhor not\u00edcia do ano para quem tem sonho da casa pr\u00f3pria"},"content":{"rendered":"\n<p>Respons\u00e1vel por quase 70% dos financiamentos imobili\u00e1rios no pa\u00eds, a Caixa retomou o financiamento de at\u00e9 80% do valor do im\u00f3vel pelo Sistema de Amortiza\u00e7\u00e3o Constante (SAC), no qual as parcelas s\u00e3o maiores no in\u00edcio e diminuem ao longo do tempo devido \u00e0 redu\u00e7\u00e3o progressiva dos juros.<\/p>\n\n\n\n<p>O an\u00fancio foi feito na \u00faltima sexta-feira (10), durante a apresenta\u00e7\u00e3o do novo modelo de cr\u00e9dito imobili\u00e1rio, que prev\u00ea a libera\u00e7\u00e3o total dos dep\u00f3sitos compuls\u00f3rios da poupan\u00e7a para ampliar o acesso da classe m\u00e9dia \u00e0 casa pr\u00f3pria por meio do SBPE (Sistema Brasileiro de Poupan\u00e7a e Empr\u00e9stimo).<\/p>\n\n\n\n<p>Desde 1\u00ba de novembro de 2024, a Caixa limitava o financiamento a at\u00e9 70% do valor do im\u00f3vel, devido \u00e0 capacidade m\u00e1xima de opera\u00e7\u00e3o do banco. Segundo o presidente Carlos Vieira, a decis\u00e3o anunciada nesta sexta-feira foi viabilizada pelas mudan\u00e7as nas regras de utiliza\u00e7\u00e3o do FGTS e da poupan\u00e7a.<\/p>\n\n\n\n<p>As altera\u00e7\u00f5es no uso dos recursos da poupan\u00e7a para a compra de im\u00f3veis buscam equilibrar uma equa\u00e7\u00e3o complexa que tem encarecido o cr\u00e9dito e dificultado o acesso dos brasileiros \u00e0 casa pr\u00f3pria: alta demanda por im\u00f3veis, grande volume de saques da caderneta de poupan\u00e7a \u2014 fonte dos recursos para financiamento \u2014 e Selic em dois d\u00edgitos, com tend\u00eancia de alta.<\/p>\n\n\n\n<p>De acordo com o ministro das Cidades, Jader Filho, o novo modelo de cr\u00e9dito imobili\u00e1rio permitir\u00e1 que a Caixa financie 80 mil unidades adicionais at\u00e9 o final de 2026. A iniciativa deve injetar imediatamente pelo menos R$ 20 bilh\u00f5es em recursos para a contrata\u00e7\u00e3o de financiamentos habitacionais.<\/p>\n","protected":false},"excerpt":{"rendered":"<p>Respons\u00e1vel por quase 70% dos financiamentos imobili\u00e1rios no pa\u00eds, a Caixa retomou o financiamento de at\u00e9 80% do valor do im\u00f3vel pelo Sistema de Amortiza\u00e7\u00e3o Constante (SAC), no qual as parcelas s\u00e3o maiores no in\u00edcio e diminuem ao longo do tempo devido \u00e0 redu\u00e7\u00e3o progressiva dos juros. O an\u00fancio foi feito na \u00faltima sexta-feira (10), [&hellip;]<\/p>\n","protected":false},"author":4,"featured_media":6005,"comment_status":"open","ping_status":"open","sticky":false,"template":"","format":"standard","meta":{"jnews-multi-image_gallery":[],"jnews_single_post":{"format":"standard"},"jnews_primary_category":[],"jnews_social_meta":[],"jnews_post_split":[],"footnotes":""},"categories":[1],"tags":[],"class_list":["post-6004","post","type-post","status-publish","format-standard","has-post-thumbnail","hentry","category-uncategorized"],"_links":{"self":[{"href":"https:\/\/diariodepernambuco.audiencelabs.com.br\/wp-json\/wp\/v2\/posts\/6004","targetHints":{"allow":["GET"]}}],"collection":[{"href":"https:\/\/diariodepernambuco.audiencelabs.com.br\/wp-json\/wp\/v2\/posts"}],"about":[{"href":"https:\/\/diariodepernambuco.audiencelabs.com.br\/wp-json\/wp\/v2\/types\/post"}],"author":[{"embeddable":true,"href":"https:\/\/diariodepernambuco.audiencelabs.com.br\/wp-json\/wp\/v2\/users\/4"}],"replies":[{"embeddable":true,"href":"https:\/\/diariodepernambuco.audiencelabs.com.br\/wp-json\/wp\/v2\/comments?post=6004"}],"version-history":[{"count":2,"href":"https:\/\/diariodepernambuco.audiencelabs.com.br\/wp-json\/wp\/v2\/posts\/6004\/revisions"}],"predecessor-version":[{"id":6007,"href":"https:\/\/diariodepernambuco.audiencelabs.com.br\/wp-json\/wp\/v2\/posts\/6004\/revisions\/6007"}],"wp:featuredmedia":[{"embeddable":true,"href":"https:\/\/diariodepernambuco.audiencelabs.com.br\/wp-json\/wp\/v2\/media\/6005"}],"wp:attachment":[{"href":"https:\/\/diariodepernambuco.audiencelabs.com.br\/wp-json\/wp\/v2\/media?parent=6004"}],"wp:term":[{"taxonomy":"category","embeddable":true,"href":"https:\/\/diariodepernambuco.audiencelabs.com.br\/wp-json\/wp\/v2\/categories?post=6004"},{"taxonomy":"post_tag","embeddable":true,"href":"https:\/\/diariodepernambuco.audiencelabs.com.br\/wp-json\/wp\/v2\/tags?post=6004"}],"curies":[{"name":"wp","href":"https:\/\/api.w.org\/{rel}","templated":true}]}}